{"id":4304,"date":"2024-01-14T16:34:15","date_gmt":"2024-01-14T19:34:15","guid":{"rendered":"https:\/\/noticias-gerais.online\/?p=4304"},"modified":"2024-01-31T12:20:29","modified_gmt":"2024-01-31T15:20:29","slug":"programa-brasil-carinhoso-como-se-beneficiar","status":"publish","type":"post","link":"https:\/\/noticias-gerais.online\/hr\/programa-brasil-carinhoso-como-se-beneficiar\/","title":{"rendered":"Program &quot;Caring Brazil&quot;: Kako obitelji s djecom mogu imati koristi od njega?"},"content":{"rendered":"<p class=\"wp-block-paragraph\">&quot;Brasil Carinhoso&quot; je vladin projekt \u010diji je cilj pru\u017eiti financijsku pomo\u0107 obiteljima kako bi im se pomoglo u pokrivanju tro\u0161kova ranog odgoja i obrazovanja.&nbsp;<\/p>\n\n\n\n<p class=\"wp-block-paragraph\">Ideja je osigurati sveobuhvatnu skrb za djecu, uklju\u010duju\u0107i prehrambenu i nutritivnu sigurnost.<\/p>\n\n\n\n<p class=\"wp-block-paragraph\">Namjera iza svega ovoga je osigurati da djeca nastave \u0161kolovanje, bez napu\u0161tanja zbog financijskih problema. Saznajte vi\u0161e u nastavku!<\/p>\n\n\n\n<div class=\"wp-block-rank-math-toc-block\" id=\"rank-math-toc\"><h2><strong>Pro\u010ditajte i:<\/strong><\/h2><nav><ul><li class=\"\"><a href=\"https:\/\/noticias-gerais.online\/hr\/pronaf-como-solicitar\/\">Pronaf: Kako se prijaviti?<\/a><\/li><li class=\"\"><a href=\"https:\/\/noticias-gerais.online\/hr\/fgts-veja-o-calendario-de-saque-2024\/\">FGTS: Pogledajte raspored povla\u010denja za 2024.<\/a><\/li><li class=\"\"><a href=\"https:\/\/noticias-gerais.online\/hr\/cartao-cidadao-como-fazer\/\">Gra\u0111anska iskaznica: Kako je dobiti?<\/a><\/li><li class=\"\"><a href=\"https:\/\/noticias-gerais.online\/hr\/calendario-bolsa-familia-2024\/\">Kalendar Bolsa Fam\u00edlia 2024: Pogledajte datume pla\u0107anja<\/a><\/li><\/ul><\/nav><\/div>\n\n\n\n<h2 class=\"wp-block-heading\" id=\"mais-detalhes-sobre-o-programa\"><strong>Vi\u0161e detalja o programu<\/strong><\/h2>\n\n\n\n<figure class=\"wp-block-image size-full is-resized\"><img loading=\"lazy\" decoding=\"async\" width=\"400\" height=\"400\" src=\"http:\/\/noticias-gerais.online\/wp-content\/uploads\/2024\/01\/brasil-carinhoso.webp\" alt=\"\" class=\"wp-image-4324\" style=\"width:411px;height:auto\" srcset=\"https:\/\/noticias-gerais.online\/wp-content\/uploads\/2024\/01\/brasil-carinhoso.webp 400w, https:\/\/noticias-gerais.online\/wp-content\/uploads\/2024\/01\/brasil-carinhoso-300x300.webp 300w, https:\/\/noticias-gerais.online\/wp-content\/uploads\/2024\/01\/brasil-carinhoso-150x150.webp 150w\" sizes=\"auto, (max-width: 400px) 100vw, 400px\" \/><figcaption class=\"wp-element-caption\">Google slike<\/figcaption><\/figure>\n\n\n\n<p class=\"wp-block-paragraph\">\u017delite li bolje razumjeti kako program &quot;Brasil Carinhoso&quot; funkcionira? Razgovarajmo o uvjetima za sudjelovanje u ovom nevjerojatnom programu.&nbsp;<\/p>\n\n\n\n<p class=\"wp-block-paragraph\">Da bi sudjelovale, obitelji moraju biti korisnici programa Bolsa Fam\u00edlia i imati djecu u dobi od 0 do 4 godine upisanu u javne ili vladine vrti\u0107e.&nbsp;<\/p>\n\n\n\n<p class=\"wp-block-paragraph\">Ovo je klju\u010d za u\u017eivanje u svim pogodnostima koje nudi Brasil Carinhoso.&nbsp;<\/p>\n\n\n\n<p class=\"wp-block-paragraph\">Posjetite nas i otkrijte vi\u0161e o ovoj inicijativi koja mijenja \u017eivote brazilskih obitelji!<\/p>\n\n\n\n<h2 class=\"wp-block-heading\" id=\"como-funciona-o-acesso-ao-programa-brasil-carinhoso\"><strong>Kako funkcionira pristup programu Brasil Carinhoso?&nbsp;<\/strong><\/h2>\n\n\n\n<p class=\"wp-block-paragraph\">Program \u201eBrasil Carinhoso\u201c funkcionira na jednostavan i u\u010dinkovit na\u010din, jam\u010de\u0107i automatski prijenos financijskih sredstava op\u0107inama i Federalnom okrugu, bez potrebe za kompliciranim ugovorima.&nbsp;<\/p>\n\n\n\n<p class=\"wp-block-paragraph\">Dodijeljeni iznos se dijeli na dva obroka pla\u0107anja.<\/p>\n\n\n\n<p class=\"wp-block-paragraph\">Ukupni iznos izra\u010dunava se na temelju 50% minimalne godi\u0161nje vrijednosti po upisu u javne vrti\u0107e, bez obzira jesu li povezani s federalnom vladom za puno ili nepuno radno vrijeme.&nbsp;<\/p>\n\n\n\n<p class=\"wp-block-paragraph\">Fundeb (Fond za odr\u017eavanje i razvoj osnovnog obrazovanja i unapre\u0111enje obrazovnih stru\u010dnjaka) igra klju\u010dnu ulogu, definiraju\u0107i iznos prije transfera.&nbsp;<\/p>\n\n\n\n<p class=\"wp-block-paragraph\">Ova definicija je mogu\u0107a zahvaljuju\u0107i preciznoj kontroli koju institucija ima nad obrazovnim podacima i u\u010denicima upisanim u javni \u0161kolski sustav koji tra\u017ee ili trebaju neku vrstu obrazovne podr\u0161ke.<\/p>\n\n\n\n<h2 class=\"wp-block-heading\" id=\"areas-responsaveis-pelo-programa\"><strong>Podru\u010dja odgovorna za program<\/strong><\/h2>\n\n\n\n<p class=\"wp-block-paragraph\">\u0160to se ti\u010de upravljanja programom, Ministarstvo socijalnog razvoja igra klju\u010dnu ulogu.&nbsp;<\/p>\n\n\n\n<p class=\"wp-block-paragraph\">On ne samo da definira javnu politiku, ve\u0107 i uspostavlja kriterije i smjernice koje vode cijeli program.<\/p>\n\n\n\n<p class=\"wp-block-paragraph\">INEP\/MEC je odgovoran za konsolidaciju podataka prikupljenih popisom stanovni\u0161tva \u0161kola. Ove informacije su klju\u010dne za izra\u010dun iznosa koji \u0107e se prenijeti federalnim entitetima, \u010dime se doprinosi u\u010dinkovitijem upravljanju.<\/p>\n\n\n\n<p class=\"wp-block-paragraph\">\u0160to se ti\u010de FNDE\/MEC-a, on je odgovoran za provedbu javne politike putem prijenosa resursa unutar programa.&nbsp;<\/p>\n\n\n\n<p class=\"wp-block-paragraph\">Nadalje, agencija preuzima odgovornost za odgovornost uklju\u010denih, osiguravaju\u0107i transparentnost i u\u010dinkovitost u kori\u0161tenju resursa.<\/p>\n\n\n\n<h2 class=\"wp-block-heading\" id=\"como-fazer-o-calculo-de-recebimento-do-programa\"><strong>Kako izra\u010dunati isplatu programa?<\/strong><\/h2>\n\n\n\n<figure class=\"wp-block-image size-full\"><img loading=\"lazy\" decoding=\"async\" width=\"600\" height=\"399\" src=\"http:\/\/noticias-gerais.online\/wp-content\/uploads\/2024\/01\/programa-brasil-carinhoso.png\" alt=\"\" class=\"wp-image-4306\" srcset=\"https:\/\/noticias-gerais.online\/wp-content\/uploads\/2024\/01\/programa-brasil-carinhoso.png 600w, https:\/\/noticias-gerais.online\/wp-content\/uploads\/2024\/01\/programa-brasil-carinhoso-300x200.png 300w, https:\/\/noticias-gerais.online\/wp-content\/uploads\/2024\/01\/programa-brasil-carinhoso-150x100.png 150w\" sizes=\"auto, (max-width: 600px) 100vw, 600px\" \/><figcaption class=\"wp-element-caption\">Google slike<\/figcaption><\/figure>\n\n\n\n<p class=\"wp-block-paragraph\">Naknade programa &quot;Brasil Carinhoso&quot; izra\u010dunavaju se uzimaju\u0107i u obzir mjese\u010dni prihod svake obitelji.&nbsp;<\/p>\n\n\n\n<p class=\"wp-block-paragraph\">Iako varira ovisno o situaciji svakog ku\u0107anstva, program utvr\u0111uje osnovnu vrijednost R$ od 32. Ovaj specifi\u010dni iznos odre\u0111uje se nakon analize obiteljskih karakteristika.<\/p>\n\n\n\n<p class=\"wp-block-paragraph\">Nakon odobrenja, iznos <a href=\"https:\/\/www.gov.br\/fnde\/pt-br\/acesso-a-informacao\/acoes-e-programas\/programas\/brasil-carinhoso\" target=\"_blank\" rel=\"noopener\">Bri\u017eni Brazil<\/a> To se dodaje iznosu primljenom od Bolsa Fam\u00edlie, \u0161to korisnicima omogu\u0107uje da prime obje isplate istog datuma.&nbsp;<\/p>\n\n\n\n<p class=\"wp-block-paragraph\">Za detalje o iznosima za svaki program, jednostavno provjerite odgovaraju\u0107u izjavu. Cilj ove inicijative je pru\u017eiti sveobuhvatniju financijsku podr\u0161ku brazilskim obiteljima.<\/p>\n\n\n\n<h2 class=\"wp-block-heading\" id=\"como-efetuar-o-cadastro\"><strong>Kako se registrirati?<\/strong><\/h2>\n\n\n\n<p class=\"wp-block-paragraph\">Kako bismo vam pomogli da bolje razumijete postupak registracije za Jedinstveni registar (Cad\u00danico), pripremili smo prakti\u010dni vodi\u010d s potrebnim dokumentima. Krenimo!<\/p>\n\n\n\n<p class=\"wp-block-paragraph\">Za po\u010detak postupka registracije, glava obitelji, po mogu\u0107nosti \u017eena, mora imati najmanje 16 godina, biti dio obitelji i \u017eivjeti u istoj ku\u0107i.&nbsp;<\/p>\n\n\n\n<p class=\"wp-block-paragraph\">Va\u017eno je da pri ruci imate svoju CPF (Brazilski registar poreznih obveznika) ili karticu za registraciju bira\u010da koju \u0107ete predo\u010diti tijekom postupka.<\/p>\n\n\n\n<p class=\"wp-block-paragraph\">\u0160to se ti\u010de ostalih \u010dlanova obitelji, potrebno je imati barem jedan od sljede\u0107ih dokumenata:<\/p>\n\n\n\n<p class=\"wp-block-paragraph\">1. Rodni list;<\/p>\n\n\n\n<p class=\"wp-block-paragraph\">2. Osobna iskaznica (OG);<\/p>\n\n\n\n<p class=\"wp-block-paragraph\">3. CPF;<\/p>\n\n\n\n<p class=\"wp-block-paragraph\">4. Vjen\u010dani list;<\/p>\n\n\n\n<p class=\"wp-block-paragraph\">5. Dozvola za zapo\u0161ljavanje;<\/p>\n\n\n\n<p class=\"wp-block-paragraph\">6. Kartica za registraciju bira\u010da;<\/p>\n\n\n\n<p class=\"wp-block-paragraph\">7. Izvod iz mati\u010dne knjige ro\u0111enih za starosjedioce - RANI (isklju\u010divo za starosjedila\u010dke obitelji).<\/p>\n\n\n\n<p class=\"wp-block-paragraph\">Iako dokaz o adresi nije obavezan, preporu\u010dljivo ga je donijeti radi lak\u0161e registracije adrese.<\/p>\n\n\n\n<p class=\"wp-block-paragraph\">Nadamo se da \u0107e ove informacije olak\u0161ati proces registracije za Cad\u00danico. Slobodno ih podijelite sa svima kojima je potreban ovaj vodi\u010d. Do sljede\u0107eg puta!<\/p>\n\n\n\n<p class=\"wp-block-paragraph\">Pogledajte i kako Pronaf djeluje: <a href=\"https:\/\/noticias-gerais.online\/hr\/pronaf-como-solicitar\/\">ovdje<\/a>Imate li pitanja? Ostavite ih u komentarima ispod!<\/p>","protected":false},"excerpt":{"rendered":"<p>O Brasil Carinhoso \u00e9 um projeto do governo que visa dar uma m\u00e3ozinha financeira para as fam\u00edlias lidarem com os gastos da educa\u00e7\u00e3o infantil.&nbsp; A ideia \u00e9 garantir um cuidado completo para as crian\u00e7as, incluindo seguran\u00e7a alimentar e nutricional. A inten\u00e7\u00e3o por tr\u00e1s disso tudo \u00e9 fazer com que os pequenos continuem na escola, sem [&hellip;]<\/p>\n","protected":false},"author":6,"featured_media":4324,"comment_status":"open","ping_status":"closed","sticky":false,"template":"","format":"standard","meta":{"footnotes":""},"categories":[27],"tags":[166,786],"class_list":["post-4304","post","type-post","status-publish","format-standard","has-post-thumbnail","category-beneficios-sociais","tag-beneficio-social","tag-brasil-carinhoso"],"_links":{"self":[{"href":"https:\/\/noticias-gerais.online\/hr\/wp-json\/wp\/v2\/posts\/4304","targetHints":{"allow":["GET"]}}],"collection":[{"href":"https:\/\/noticias-gerais.online\/hr\/wp-json\/wp\/v2\/posts"}],"about":[{"href":"https:\/\/noticias-gerais.online\/hr\/wp-json\/wp\/v2\/types\/post"}],"author":[{"embeddable":true,"href":"https:\/\/noticias-gerais.online\/hr\/wp-json\/wp\/v2\/users\/6"}],"replies":[{"embeddable":true,"href":"https:\/\/noticias-gerais.online\/hr\/wp-json\/wp\/v2\/comments?post=4304"}],"version-history":[{"count":0,"href":"https:\/\/noticias-gerais.online\/hr\/wp-json\/wp\/v2\/posts\/4304\/revisions"}],"wp:featuredmedia":[{"embeddable":true,"href":"https:\/\/noticias-gerais.online\/hr\/wp-json\/wp\/v2\/media\/4324"}],"wp:attachment":[{"href":"https:\/\/noticias-gerais.online\/hr\/wp-json\/wp\/v2\/media?parent=4304"}],"wp:term":[{"taxonomy":"category","embeddable":true,"href":"https:\/\/noticias-gerais.online\/hr\/wp-json\/wp\/v2\/categories?post=4304"},{"taxonomy":"post_tag","embeddable":true,"href":"https:\/\/noticias-gerais.online\/hr\/wp-json\/wp\/v2\/tags?post=4304"}],"curies":[{"name":"radni list","href":"https:\/\/api.w.org\/{rel}","templated":true}]}}