{"id":6169,"date":"2025-01-14T16:55:05","date_gmt":"2025-01-14T19:55:05","guid":{"rendered":"https:\/\/noticias-gerais.online\/?p=6169"},"modified":"2025-01-14T16:55:10","modified_gmt":"2025-01-14T19:55:10","slug":"bbb25-estreia-participantes-novidades","status":"publish","type":"post","link":"https:\/\/noticias-gerais.online\/hu\/bbb25-estreia-participantes-novidades\/","title":{"rendered":"BBB25: premier, r\u00e9sztvev\u0151k \u00e9s mire sz\u00e1m\u00edthatunk ett\u0151l az \u00faj kiad\u00e1st\u00f3l"},"content":{"rendered":"<p class=\"wp-block-paragraph\">O <em>Nagy Testv\u00e9r Braz\u00edlia<\/em> (BBB) k\u00e9ts\u00e9gtelen\u00fcl az egyik legnagyobb jelens\u00e9g a brazil telev\u00edzi\u00f3z\u00e1sban. Sikeres formul\u00e1j\u00e1nak k\u00f6sz\u00f6nhet\u0151en a m\u0171sor nemcsak \u00e9vr\u0151l \u00e9vre leny\u0171g\u00f6zi a k\u00f6z\u00f6ns\u00e9get, hanem besz\u00e9lget\u00e9seket, vit\u00e1kat \u00e9s eml\u00e9kezetes pillanatokat is teremt, amelyek sok\u00e1ig megmaradnak a n\u00e9z\u0151k eml\u00e9kezet\u00e9ben. Id\u00e9n a BBB25 m\u00e9g t\u00f6bb meglepet\u00e9st \u00e9s egy \u00fajdons\u00e1gokkal teli \u00e9vadot \u00edg\u00e9r.<\/p>\n\n\n\n<h2 class=\"wp-block-heading\"><strong>Hol tudom megn\u00e9zni a BBB25 teljes, v\u00e1gatlan \u00e9vad\u00e1t?<\/strong><\/h2>\n\n\n\n<p class=\"wp-block-paragraph\">Ha egyetlen BBB25-\u00f6s pillanatr\u00f3l sem szeretn\u00e9l lemaradni, \u00e9s a teljes m\u0171sort v\u00e1g\u00e1sok n\u00e9lk\u00fcl szeretn\u00e9d n\u00e9zni, akkor a legjobb v\u00e1laszt\u00e1s a Globoplay. A Globo streaming szolg\u00e1ltat\u00e1sa exkluz\u00edv hozz\u00e1f\u00e9r\u00e9st k\u00edn\u00e1l a napi epiz\u00f3dokhoz, extra tartalommal, kulissz\u00e1k m\u00f6g\u00f6tti felv\u00e9telekkel \u00e9s a r\u00e9sztvev\u0151kkel k\u00e9sz\u00fclt interj\u00fakkal.&nbsp;<\/p>\n\n\n\n<div style=\"height:16px\" aria-hidden=\"true\" class=\"wp-block-spacer\"><\/div>\n\n\n\n<div class=\"wp-block-media-text is-stacked-on-mobile is-vertically-aligned-center\" style=\"grid-template-columns:51% auto\"><figure class=\"wp-block-media-text__media\"><img decoding=\"async\" src=\"https:\/\/coisasdatv.com.br\/wp-content\/uploads\/2024\/10\/globoplay-logo-1024x1024.png\" alt=\"\" class=\"wp-image-2112 size-full\"\/><\/figure><div class=\"wp-block-media-text__content\">\n<div style=\"height:10px\" aria-hidden=\"true\" class=\"wp-block-spacer\"><\/div>\n\n\n\n<p class=\"has-text-align-center wp-block-paragraph\" style=\"font-size:20px;margin-top:-70px\"><strong>Globoplay<\/strong><\/p>\n\n\n\n<p class=\"has-text-align-center has-text-color has-link-color wp-elements-1 wp-block-paragraph\" style=\"color:#636363;font-size:12px\"><strong>4,2<\/strong>\u2605| <strong>50Mi<\/strong>+ <em>Let\u00f6lt\u00e9sek | <strong>Android<\/strong><\/em> e <strong>iOS<\/strong> |<\/p>\n\n\n\n<div style=\"height:2px\" aria-hidden=\"true\" class=\"wp-block-spacer\"><\/div>\n\n\n\n<div class=\"wp-block-buttons is-content-justification-center is-layout-flex wp-container-core-buttons-is-layout-fe48e5de wp-block-buttons-is-layout-flex\">\n<div class=\"wp-block-button has-custom-width wp-block-button__width-100 has-custom-font-size is-style-shadow td_btn_normal\" style=\"font-size:25px\"><a class=\"wp-block-button__link has-white-color has-text-color has-background has-link-color has-text-align-center wp-element-button\" href=\"https:\/\/noticias-gerais.online\/hu\/aplicativo-globoplay\/\" style=\"border-radius:100px;background-color:#09875f\"><strong><em>   LET\u00d6LT\u00c9S \u2192<\/em><\/strong><\/a><\/div>\n<\/div>\n\n\n\n<div style=\"height:20px\" aria-hidden=\"true\" class=\"wp-block-spacer\"><\/div>\n\n\n\n<p class=\"has-text-align-center has-cyan-bluish-gray-color has-text-color has-link-color wp-elements-2 wp-block-paragraph\" style=\"font-size:12px\">\u00c1t leszel ir\u00e1ny\u00edtva az alkalmaz\u00e1sboltba.<\/p>\n<\/div><\/div>\n\n\n\n<div style=\"height:16px\" aria-hidden=\"true\" class=\"wp-block-spacer\"><\/div>\n\n\n\n<p class=\"wp-block-paragraph\">Tov\u00e1bb\u00e1 a Globoplay el\u0151fizet\u0151i hozz\u00e1f\u00e9rhetnek a 24 \u00f3r\u00e1s \u00e9l\u0151 k\u00f6zvet\u00edt\u00e9shez k\u00f6zvetlen\u00fcl Braz\u00edlia legn\u00e9zettebb h\u00e1z\u00e1b\u00f3l. \u00cdgy val\u00f3s id\u0151ben naprak\u00e9sz lehetsz mindennel, ami t\u00f6rt\u00e9nik, \u00e9s olyan r\u00e9szleteket is l\u00e1thatsz, amelyek nem jelennek meg a t\u00e9v\u00e9ben.&nbsp;<\/p>\n\n\n\n<p class=\"wp-block-paragraph\">A Globoplay t\u00f6k\u00e9letes v\u00e1laszt\u00e1s azok sz\u00e1m\u00e1ra, akik teljes \u00e9s mag\u00e1val ragad\u00f3 m\u00f3don szeretn\u00e9k k\u00f6vetni a BBB25 t\u00f6rt\u00e9net\u00e9t. R\u00e1ad\u00e1sul... <a href=\"https:\/\/gshow.globo.com\/realities\/bbb\/\" target=\"_blank\" rel=\"noopener\">G.Show weboldal<\/a> \u00d6sszefoglalva a val\u00f3s\u00e1gshow-ban t\u00f6rt\u00e9nteket!<\/p>\n\n\n\n<h2 class=\"wp-block-heading\"><strong>Mikor kezd\u0151dik a BBB 2025?<\/strong><\/h2>\n\n\n\n<p class=\"wp-block-paragraph\">O <em>Nagy Testv\u00e9r Braz\u00edlia 2025<\/em> A tervek szerint azon a napon kezd\u0151dik, <strong>2025. janu\u00e1r 13.<\/strong>, A Rede Globo szerint a program premierje hagyom\u00e1nyosan az \u00e9v elej\u00e9n van, egy strat\u00e9giai d\u00e1tummal, amely egybeesik az \u00fcnnepi id\u0151szak kezdet\u00e9vel, \u00e9s amikor a k\u00f6z\u00f6ns\u00e9g nagyobb val\u00f3sz\u00edn\u0171s\u00e9ggel szenteli mag\u00e1t a val\u00f3s\u00e1gshow-maratonoknak.&nbsp;<\/p>\n\n\n\n<p class=\"wp-block-paragraph\">A kor\u00e1bbi kiad\u00e1sokhoz hasonl\u00f3an a BBB 2025 is k\u00f6r\u00fclbel\u00fcl h\u00e1rom h\u00f3napig tart, a f\u0151gy\u0151ztest pedig... <strong>2025. \u00e1prilis<\/strong>. A premier \u00edg\u00e9rete szerint nagy v\u00e1rakoz\u00e1st fog kiv\u00e1ltani, mivel a program mindig nagy felfedez\u00e9seket tesz a r\u00e9sztvev\u0151k r\u00e9sz\u00e9r\u0151l, \u00faj form\u00e1tumokat \u00e9s izgalmas kih\u00edv\u00e1sokat k\u00edn\u00e1l.&nbsp;<\/p>\n\n\n\n<p class=\"wp-block-paragraph\">A rajong\u00f3k izgatottan v\u00e1rj\u00e1k a 2025-\u00f6s kiad\u00e1st, m\u00e1r tal\u00e1lgatnak a lehets\u00e9ges szerepl\u0151kr\u0151l \u00e9s a produkci\u00f3 \u00e1ltal hozhat\u00f3 v\u00e1ltoz\u00e1sokr\u00f3l.<\/p>\n\n\n\n<h2 class=\"wp-block-heading\"><strong>Kik a BBB 2025 r\u00e9sztvev\u0151i? N\u00e9zd meg a teljes list\u00e1t.<\/strong><\/h2>\n\n\n\n<p class=\"wp-block-paragraph\">A Rede Globo k\u00f6zz\u00e9tette a BBB25 hivatalos r\u00e9sztvev\u0151inek list\u00e1j\u00e1t, \u00e9s a nagyk\u00f6z\u00f6ns\u00e9g mostant\u00f3l megismerkedhet az \u00faj arcokkal, akik osztoznak Braz\u00edlia legn\u00e9zettebb h\u00e1z\u00e1nak bez\u00e1r\u00e1s\u00e1ban.&nbsp;<\/p>\n\n\n\n<p class=\"wp-block-paragraph\">A v\u00e1logat\u00e1s a szok\u00e1sos m\u00f3don a profilok sokf\u00e9les\u00e9g\u00e9n alapul, hogy izgalmas \u00e9s v\u00e1ratlan dinamik\u00e1t teremtsen a program sor\u00e1n, \u00e9s term\u00e9szetesen heves \u00e9s ellentmond\u00e1sos vit\u00e1kat.&nbsp;<\/p>\n\n\n\n<p class=\"wp-block-paragraph\">A BB25 list\u00e1j\u00e1n \u00fajdons\u00e1gk\u00e9nt jelenik meg egy dinamika, ahol a r\u00e9sztvev\u0151k p\u00e1rokban versenyeznek. A r\u00e9sztvev\u0151k teljes list\u00e1ja a \u201eCamarote\u201d (h\u00edress\u00e9gek) \u00e9s a \u201ePipoca\u201d (anonim) csoportok k\u00f6z\u00f6tt oszlik meg.<\/p>\n\n\n\n<h3 class=\"wp-block-heading\"><strong>VIP p\u00e1rosok<\/strong><\/h3>\n\n\n\n<ol class=\"wp-block-list\">\n<li>-Vit\u00f3ria Strada \u00e9s Mateus (bar\u00e1tok)<\/li>\n\n\n\n<li>-Diogo Almeida \u00e9s Vilma (anya \u00e9s fia)<\/li>\n\n\n\n<li>Gracyanne Barbosa \u00e9s Giovanna (testv\u00e9rek)<\/li>\n\n\n\n<li>- Diego Hypolito \u00e9s Daniele Hypolito (testv\u00e9rek)<\/li>\n\n\n\n<li>Arleane \u00e9s Marcelo (p\u00e1r)<\/li>\n\n\n\n<li>-Guilherme \u00e9s Joselma (veje \u00e9s any\u00f3sa)<\/li>\n<\/ol>\n\n\n\n<h3 class=\"wp-block-heading\"><strong>Dupla pattogatott kukorica<\/strong><\/h3>\n\n\n\n<ol class=\"wp-block-list\">\n<li>Edilberto \u00e9s Raissa (apa \u00e9s l\u00e1nya)<\/li>\n\n\n\n<li>Camilla \u00e9s Thamiris (testv\u00e9rek)<\/li>\n\n\n\n<li>-Vin\u00edcius \u00e9s Aline (bar\u00e1tok)<\/li>\n\n\n\n<li>-Jo\u00e3o Gabriel \u00e9s Jo\u00e3o Pedro (testv\u00e9rek)<\/li>\n\n\n\n<li>\u00c9va \u00e9s Ren\u00e1ta (bar\u00e1tn\u0151k)<\/li>\n\n\n\n<li>-Gabriel \u00e9s Maike (bar\u00e1tn\u0151k)<\/li>\n<\/ol>\n\n\n\n<p class=\"wp-block-paragraph\">Minden p\u00e1r k\u00fcl\u00f6nleges kapcsolatban \u00e1ll egym\u00e1ssal, p\u00e9ld\u00e1ul bar\u00e1ts\u00e1ggal vagy csal\u00e1di k\u00f6tel\u00e9kekkel, ami meglepet\u00e9sekkel teli versenyt \u00edg\u00e9r.<\/p>\n\n\n\n<h2 class=\"wp-block-heading\"><strong>Miben m\u00e1s a BBB 2025-\u00f6s kiad\u00e1sa?<\/strong><\/h2>\n\n\n\n<p class=\"wp-block-paragraph\">A BBB25 felejthetetlen kiad\u00e1snak \u00edg\u00e9rkezik, \u00e9s a produkci\u00f3 m\u00e1ris sz\u00e1mos \u00faj funkci\u00f3t mutatott be, amelyek m\u00e9g jobban izgatott\u00e1 teszik majd a k\u00f6z\u00f6ns\u00e9get. A kiad\u00e1s n\u00e9h\u00e1ny f\u0151bb v\u00e1ltoz\u00e1sa a k\u00f6vetkez\u0151:<\/p>\n\n\n\n<h3 class=\"wp-block-heading\"><strong>1. Interakt\u00edvabb \u00e9s kih\u00edv\u00e1sokkal telibb tesztek<\/strong><\/h3>\n\n\n\n<p class=\"wp-block-paragraph\">2025-ben a program kih\u00edv\u00e1sai dinamikusabbak lesznek, interakt\u00edv feladatokkal, amelyek nemcsak a r\u00e9sztvev\u0151k fizikai \u00e1ll\u00f3k\u00e9pess\u00e9g\u00e9t, hanem strat\u00e9giai intelligenci\u00e1j\u00e1t is pr\u00f3b\u00e1ra teszik. A kitart\u00e1st ig\u00e9nyl\u0151 kih\u00edv\u00e1sok tov\u00e1bbra is az \u00e9vad egyik f\u00e9nypontj\u00e1t jelentik majd, de most m\u00e1r t\u00f6bb k\u00f6z\u00f6ns\u00e9ginterakci\u00f3val \u00e9s \u00fajfajta bevon\u00e1si form\u00e1kkal.<\/p>\n\n\n\n<h3 class=\"wp-block-heading\"><strong>2. Technol\u00f3gia \u00e9s digit\u00e1lis interaktivit\u00e1s<\/strong><\/h3>\n\n\n\n<p class=\"wp-block-paragraph\">A BBB25 a digit\u00e1lis platformokon kereszt\u00fcl a rajong\u00f3kkal val\u00f3 interakci\u00f3t is fokozza majd. A produkci\u00f3 \u00edg\u00e9rete szerint az \u00faj\u00edt\u00e1sok k\u00f6z\u00f6tt szerepel a kiterjesztett val\u00f3s\u00e1g technol\u00f3gia be\u00e9p\u00edt\u00e9se, amely lehet\u0151v\u00e9 teszi a n\u00e9z\u0151k sz\u00e1m\u00e1ra, hogy p\u00e9ld\u00e1tlan m\u00f3don interakci\u00f3ba l\u00e9pjenek egym\u00e1ssal, szem\u00e9lyre szabott \u00e9lm\u00e9nyeket teremtve a m\u0171sor hivatalos alkalmaz\u00e1s\u00e1ban.<\/p>\n\n\n\n<h3 class=\"wp-block-heading\"><strong>3. A soksz\u00edn\u0171s\u00e9g \u00e9s a befogad\u00e1s el\u0151t\u00e9rbe helyez\u00e9se<\/strong><\/h3>\n\n\n\n<p class=\"wp-block-paragraph\">A BBB 2025-\u00f6s kiad\u00e1sa tov\u00e1bbra is a soksz\u00edn\u0171s\u00e9gre fog \u00f6sszpontos\u00edtani. A k\u00fcl\u00f6nb\u00f6z\u0151 etnikum\u00fa, kor\u00fa \u00e9s szexu\u00e1lis ir\u00e1nyults\u00e1g\u00fa r\u00e9sztvev\u0151ket t\u00f6m\u00f6r\u00edt\u0151 szerepl\u0151g\u00e1rda mellett a t\u00e1rsadalmi t\u00e9m\u00e1kat, p\u00e9ld\u00e1ul a nemi k\u00e9rd\u00e9seket, a rasszizmust \u00e9s a t\u00e1rsadalmi probl\u00e9m\u00e1kat is m\u00e9lyebben t\u00e1rgyalj\u00e1k, ez\u00e1ltal nagyobb tudatoss\u00e1got \u00e9s reflexi\u00f3t teremtve a r\u00e9sztvev\u0151k \u00e9s a n\u00e9z\u0151k sz\u00e1m\u00e1ra.<\/p>\n\n\n\n<h2 class=\"wp-block-heading\"><strong>Ki nyerte a BBB-t? Eml\u00e9kezz vissza az \u00f6sszes kiad\u00e1s gy\u0151zteseire.<\/strong><\/h2>\n\n\n\n<p class=\"wp-block-paragraph\">T\u00f6rt\u00e9nete sor\u00e1n a Big Brother Brazil sz\u00e1mos ikonikus pillanatot produk\u00e1lt, olyan nyertesekkel, akik megh\u00f3d\u00edtott\u00e1k a k\u00f6z\u00f6ns\u00e9g sz\u00edv\u00e9t. Az al\u00e1bbiakban megeml\u00e9kez\u00fcnk a 2002 \u00e9s 2024 k\u00f6z\u00f6tti \u00f6sszes nyertesr\u0151l:<\/p>\n\n\n\n<ul class=\"wp-block-list\">\n<li><strong>-BBB 1: <\/strong>Kleber Bambam (2002)<\/li>\n\n\n\n<li><strong>-BBB 2: <\/strong>Rodrigo Cowboy (2002)<\/li>\n\n\n\n<li><strong>-BBB 3: <\/strong>Dhomini Ferreira (2003)<\/li>\n\n\n\n<li><strong>-BBB 4: <\/strong>Cida dos Santos (2004)<\/li>\n\n\n\n<li><strong>-BBB 5: <\/strong>Jean Wyllys (2005)<\/li>\n\n\n\n<li><strong>-BBB 6: <\/strong>Mara Viana (2006)<\/li>\n\n\n\n<li><strong>-BBB 7: <\/strong>Diego Alem\u00e3o (2007)<\/li>\n\n\n\n<li><strong>-BBB 8: <\/strong>Rafinha (2008)<\/li>\n\n\n\n<li><strong>-BBB 9: <\/strong>Max (2009)<\/li>\n\n\n\n<li><strong>-BBB 10: <\/strong>Marcelo Dourado (2010)<\/li>\n\n\n\n<li><strong>-BBB 11: <\/strong>Maria Melilo (2011)<\/li>\n\n\n\n<li><strong>-BBB 12: <\/strong>Fael Cordeiro (2012)<\/li>\n\n\n\n<li><strong>-BBB 13: <\/strong>Fernanda Keulla (2013)<\/li>\n\n\n\n<li><strong>-BBB 14: <\/strong>Vanessa Mesquita (2014)<\/li>\n\n\n\n<li><strong>-BBB 15: <\/strong>C\u00e9zar Lima (2015)<\/li>\n\n\n\n<li><strong>-BBB 16: <\/strong>Munik Nunes (2016)<\/li>\n\n\n\n<li><strong>-BBB 17: <\/strong>Emilly Ara\u00fajo (2017)<\/li>\n\n\n\n<li><strong>-BBB 18: <\/strong>Damaszkuszi gy\u00f6ngyszemek (2018)<\/li>\n\n\n\n<li><strong>-BBB 19: <\/strong>Paula von Sperling (2019)<\/li>\n\n\n\n<li><strong>-BBB 20: <\/strong>Thelma Assis (2020)<\/li>\n\n\n\n<li><strong>-BBB 21: <\/strong>Juliette Freire (2021)<\/li>\n\n\n\n<li><strong>-BBB 22: <\/strong>Arthur Aguiar (2022)<\/li>\n\n\n\n<li><strong>-BBB 23: <\/strong>Amanda Meirelles (2023)<\/li>\n\n\n\n<li><strong>-BBB 24: <\/strong>Davi Brito (2024)<\/li>\n<\/ul>\n\n\n\n<h2 class=\"wp-block-heading\"><strong>BBB 2025: N\u00e9zd meg a teljes epiz\u00f3dot a Globo alkalmaz\u00e1sban.<\/strong><\/h2>\n\n\n\n<p class=\"wp-block-paragraph\">A BBB25 felejthetetlen esem\u00e9nynek \u00edg\u00e9rkezik, \u00faj arcokkal, izgalmas kih\u00edv\u00e1sokkal \u00e9s t\u00e1rsadalmi t\u00e9m\u00e1kkal, amelyek sok vit\u00e1t \u00e9s elm\u00e9lked\u00e9st fognak kiv\u00e1ltani. A program tov\u00e1bbra is leny\u0171g\u00f6zi a k\u00f6z\u00f6ns\u00e9get sikeres formul\u00e1j\u00e1val, sz\u00f3rakoz\u00e1st ny\u00fajt, mik\u00f6zben teret teremt a t\u00e1rsadalomr\u00f3l sz\u00f3l\u00f3 fontos vit\u00e1knak.&nbsp;<\/p>\n\n\n\n<p class=\"wp-block-paragraph\">Ha rajongsz a sorozat\u00e9rt, ne hagyd ki a premiert, \u00e9s k\u00f6vesd szorosan a Big Brother Brazil legjobban v\u00e1rt epiz\u00f3dj\u00e1t a GloboPlay alkalmaz\u00e1son!<\/p>\n\n\n\n<p class=\"wp-block-paragraph\"><strong>Olvasd el m\u00e9g a \u201cA legjobb\u201d c\u00edm\u0171 bejegyz\u00e9st is<a href=\"https:\/\/noticias-gerais.online\/hu\/apps-de-bate-papo-para-terceira-idade\/\"> Cseveg\u0151alkalmaz\u00e1sok id\u0151seknek<\/a> &quot;Bar\u00e1tkozni&quot;. <\/strong><\/p>","protected":false},"excerpt":{"rendered":"<p>O Big Brother Brasil (BBB) \u00e9, sem d\u00favida, um dos maiores fen\u00f4menos da televis\u00e3o brasileira. Com sua f\u00f3rmula de sucesso, o programa n\u00e3o s\u00f3 cativa o p\u00fablico de ano em ano, mas tamb\u00e9m cria discuss\u00f5es, pol\u00eamicas e momentos marcantes que ficam na mem\u00f3ria dos telespectadores. Neste ano, o BBB25 o promete mais surpresas e uma [&hellip;]<\/p>\n","protected":false},"author":22,"featured_media":6170,"comment_status":"open","ping_status":"closed","sticky":false,"template":"","format":"standard","meta":{"footnotes":""},"categories":[34],"tags":[1085,1087,1084,1086],"class_list":["post-6169","post","type-post","status-publish","format-standard","has-post-thumbnail","category-aplicativos","tag-bbb25","tag-integrantes-bbb25","tag-quando-comeca-o-bbb","tag-quem-ganhou-o-bbb"],"_links":{"self":[{"href":"https:\/\/noticias-gerais.online\/hu\/wp-json\/wp\/v2\/posts\/6169","targetHints":{"allow":["GET"]}}],"collection":[{"href":"https:\/\/noticias-gerais.online\/hu\/wp-json\/wp\/v2\/posts"}],"about":[{"href":"https:\/\/noticias-gerais.online\/hu\/wp-json\/wp\/v2\/types\/post"}],"author":[{"embeddable":true,"href":"https:\/\/noticias-gerais.online\/hu\/wp-json\/wp\/v2\/users\/22"}],"replies":[{"embeddable":true,"href":"https:\/\/noticias-gerais.online\/hu\/wp-json\/wp\/v2\/comments?post=6169"}],"version-history":[{"count":1,"href":"https:\/\/noticias-gerais.online\/hu\/wp-json\/wp\/v2\/posts\/6169\/revisions"}],"predecessor-version":[{"id":6171,"href":"https:\/\/noticias-gerais.online\/hu\/wp-json\/wp\/v2\/posts\/6169\/revisions\/6171"}],"wp:featuredmedia":[{"embeddable":true,"href":"https:\/\/noticias-gerais.online\/hu\/wp-json\/wp\/v2\/media\/6170"}],"wp:attachment":[{"href":"https:\/\/noticias-gerais.online\/hu\/wp-json\/wp\/v2\/media?parent=6169"}],"wp:term":[{"taxonomy":"category","embeddable":true,"href":"https:\/\/noticias-gerais.online\/hu\/wp-json\/wp\/v2\/categories?post=6169"},{"taxonomy":"post_tag","embeddable":true,"href":"https:\/\/noticias-gerais.online\/hu\/wp-json\/wp\/v2\/tags?post=6169"}],"curies":[{"name":"munkaf\u00fczet","href":"https:\/\/api.w.org\/{rel}","templated":true}]}}