{"id":774,"date":"2022-12-07T20:38:02","date_gmt":"2022-12-07T23:38:02","guid":{"rendered":"https:\/\/noticias-gerais.online\/?p=774"},"modified":"2023-02-21T23:33:16","modified_gmt":"2023-02-22T02:33:16","slug":"mark-zuckerberg-andy-jassy-e-larry-fink-simplesmente-tocaram-o-alarme-na-economia-dos-estados-unidos-aqui-esta-o-que-eles-alertaram-sobre-a-crise-que-se-aproxima","status":"publish","type":"post","link":"https:\/\/noticias-gerais.online\/hu\/mark-zuckerberg-andy-jassy-e-larry-fink-simplesmente-tocaram-o-alarme-na-economia-dos-estados-unidos-aqui-esta-o-que-eles-alertaram-sobre-a-crise-que-se-aproxima\/","title":{"rendered":"Mark Zuckerberg, Andy Jassy \u00e9s Larry Fink egyszer\u0171en megkongatt\u00e1k a v\u00e9szharangot az amerikai gazdas\u00e1ggal kapcsolatban. \u00cdme, mire figyelmeztettek a k\u00f6zelg\u0151 v\u00e1ls\u00e1ggal kapcsolatban."},"content":{"rendered":"<p><span>Charles Platiau\/Reuters<\/span><\/p>\n<ul>\n<li><span>Mark Zuckerberg, Andy Jassy \u00e9s Larry Fink szerd\u00e1n komor figyelmeztet\u00e9seket adtak ki az amerikai gazdas\u00e1gi rendszerrel kapcsolatban.<\/span><\/li>\n<li><span>A Meta \u00e9s az Amazon vezet\u0151i k\u00f6lts\u00e9gcs\u00f6kkent\u00e9st terveznek, m\u00edg a BlackRock vezet\u0151je stagn\u00e1l\u00f3 n\u00f6veked\u00e9sre sz\u00e1m\u00edt.<\/span><\/li>\n<li><span>Janet Yellen p\u00e9nz\u00fcgyminiszter lesz\u00f6gezte, hogy az Egyes\u00fclt \u00c1llamok j\u00f3 form\u00e1ban van, \u00e9s m\u00e9g mindig elker\u00fclheti a recesszi\u00f3t.<\/span><\/li>\n<\/ul>\n<p><span>Mark Zuckerberg, Andy Jassy \u00e9s Larry Fink bor\u00fas kil\u00e1t\u00e1sokat v\u00e1zoltak fel az amerikai gazdas\u00e1gi helyzettel kapcsolatban a szerdai DealBook cs\u00facstal\u00e1lkoz\u00f3n.<\/span><\/p>\n<p><span>V\u00e9djegyek CONSTELLATION, INC.<\/span><\/p>\n<p><span>A Meta \u00e9s az Amazon vez\u00e9rigazgat\u00f3i az \u00e1rak cs\u00f6kkent\u00e9s\u00e9t \u00e9s a lehet\u0151s\u00e9geik ellen\u0151rz\u00e9s\u00e9t \u00edg\u00e9rt\u00e9k a lassul\u00f3 n\u00f6veked\u00e9s, a tart\u00f3s infl\u00e1ci\u00f3 \u00e9s az emelked\u0151 hobbi\u00e1rak k\u00f6zepette.<\/span><\/p>\n<p><span>A BlackRock vez\u00e9rigazgat\u00f3ja magasabb \u00e1rakra \u00e9s gyorsabb kamatemel\u00e9sekre sz\u00e1m\u00edtott az elk\u00f6vetkez\u0151 \u00e9vekben. Azt is figyelmeztette, hogy a hat\u00f3s\u00e1gokat akad\u00e1lyozhatj\u00e1k a kor\u00e1bbi beavatkoz\u00e1saik, \u00edgy ez\u00fattal nem tudj\u00e1k majd kimenteni a megtakar\u00edt\u00e1sokat.<\/span><\/p>\n<p><span>Janet Yellen p\u00e9nz\u00fcgyminiszter szint\u00e9n az amerikai n\u00f6veked\u00e9s lassul\u00e1s\u00e1ra utalt, de azt mondta, hogy a gazdas\u00e1g m\u00e9g elker\u00fclheti a recesszi\u00f3t.<\/span><\/p>\n<p><span>1. Mark Zuckerberg, a Meta Systems vez\u00e9rigazgat\u00f3ja<\/span><\/p>\n<p><span>\u201c\u00dagy gondoltuk, hogy a p\u00e9nz\u00fcgyi rendszer \u00e9s a v\u00e1llalkoz\u00e1sok egy tagadhatatlan ir\u00e1nyba haladnak, \u00e9s egy\u00e9rtelm\u0171en nem t\u00e9rtek le err\u0151l az \u00fatr\u00f3l\u201d \u2013 mondta a Facebook, az Instagram \u00e9s a WhatsApp anyav\u00e1llalat\u00e1nak vezet\u0151je. \u201cMost vissza kell vonulnunk.\u201d<\/span><\/p>\n<p><span>\u201cAz elk\u00f6vetkez\u0151 \u00e9vekben a hat\u00e9konys\u00e1gra, a fegyelemre \u00e9s a szigor\u00fas\u00e1gra fogunk \u00f6sszpontos\u00edtani, \u00e9s csak egy sokkal merevebb k\u00f6rnyezetben fogunk tudni dolgozni\u201d \u2013 \u00e1ll\u00edtotta Zuckerberg, hozz\u00e1t\u00e9ve, hogy az Egyes\u00fclt \u00c1llamok gazdas\u00e1gi \u00e1llapota k\u00edv\u00e1natosabbnak t\u0171nik, mint Eur\u00f3pa. .<\/span><\/p>\n<p>&nbsp;<\/p>\n<p><span>2. Andy Jassy, \u200b\u200baz Amazon vez\u00e9rigazgat\u00f3ja<\/span><\/p>\n<p><span>\u201cTavaly ilyenkor \u00fagy t\u0171nt, hogy kil\u00e1balunk a vil\u00e1gj\u00e1rv\u00e1nyb\u00f3l\u201d \u2013 mondta Jassy. \u201cAzt\u00e1n megjelent az Omicron, kit\u00f6rt az ukrajnai h\u00e1bor\u00fa, kialakult az infl\u00e1ci\u00f3s l\u00e9gk\u00f6r, amiben most vagyunk, \u00e9s most egy nagyon zavaros p\u00e9nz\u00fcgyi rendszer alakult ki.\u201d<\/span><\/p>\n<p><span>Jassy, \u200b\u200baki tavaly Jeff Bezost v\u00e1ltotta az Amazon alap\u00edt\u00f3ja vez\u00e9rigazgat\u00f3i posztj\u00e1n, azt mondta, hogy a v\u00e1s\u00e1rl\u00f3k sz\u00edvesen keresnek akci\u00f3s term\u00e9keket, \u00e9s ink\u00e1bb a megfizethet\u0151bb t\u00e9v\u00e9- \u00e9s egy\u00e9b elektronikai modellek\u00e9rt alkudoznak, szemben a n\u00f6vekv\u0151 k\u00f6lts\u00e9gek \u00e9s hiteld\u00edjak forgat\u00f3k\u00f6nyv\u00e9vel.<\/span><\/p>\n<p><span>\u201cK\u00f6ltenek, de lehet, hogy \u00f3vatosak a p\u00e9nz\u00fck elk\u00f6lt\u00e9s\u00e9vel kapcsolatban\u201d \u2013 jegyezte meg, hozz\u00e1t\u00e9ve, hogy az \u00fcgyfelek olyan v\u00e1llalatok fel\u00e9 fordulnak, amelyek j\u00f3l b\u00e1nnak vel\u00fck a \u201cfejlett \u00e9s a bizonytalan gazdas\u00e1gokban\u201d.<\/span><\/p>\n<p><span>Jassy azt mondta, hogy az Amazon k\u00f6lts\u00e9gb\u00e1zis\u00e1nak egyszer\u0171s\u00edt\u00e9s\u00e9t tervezi an\u00e9lk\u00fcl, hogy feladn\u00e1 a hossz\u00fa t\u00e1v\u00fa terveket, amelyek j\u00f3l megt\u00e9r\u00fclhetn\u00e9nek az e-kereskedelmi \u00e9s felh\u0151alap\u00fa sz\u00e1m\u00edt\u00e1stechnikai \u00f3ri\u00e1s sz\u00e1m\u00e1ra.<\/span><\/p>\n<p><span>\u201cA k\u00f6vetkez\u0151 12-2 h\u00f3napban a gazdas\u00e1g sz\u00e1mos \u00fcgyn\u00f6ks\u00e9g sz\u00e9tes\u00e9s\u00e9nek hossz\u00fa id\u0151szak\u00e1t fogja megvizsg\u00e1lni\u201d \u2013 mondta.<\/span><\/p>\n<p>&nbsp;<\/p>\n<p><span>Harmadik. Larry Fink, a BlackRock vez\u00e9rigazgat\u00f3ja<\/span><\/p>\n<p><span>A Federal Reserve id\u00e9n a k\u00f6zel null\u00e1r\u00f3l 41 tripl\u00e1ra emelte a kamatl\u00e1bat, hogy megf\u00e9kezze a r\u00e9g\u00f3ta fenn\u00e1ll\u00f3 infl\u00e1ci\u00f3t. Az amerikai gazdas\u00e1g a k\u00f6vetkez\u0151 \u00e9vekben magasabb k\u00f6lts\u00e9gekkel \u00e9s nagyobb \u00e9ves kiad\u00e1sn\u00f6veked\u00e9ssel n\u00e9zhet szembe \u2013 mutatott r\u00e1 Fink.<\/span><\/p>\n<p><span>\u201cAlapvet\u0151en magasabb kamatl\u00e1bak lesznek, m\u00e1r nem fognak cs\u00f6kkenni\u201d \u2013 jegyezte meg a BlackRock vezet\u0151je, aki szerint az \u00e1raknak 2% \u00e9s 3% k\u00f6r\u00fcl, az infl\u00e1ci\u00f3nak pedig 3% \u00e9s 4% k\u00f6z\u00f6tt kellene lennie.<\/span><\/p>\n<p><span>\u201cUgyanakkor egyszer\u0171en nem lesz olyan gazdas\u00e1gi k\u00f6rnyezet\u00fcnk, amely val\u00f3ban a val\u00f3di n\u00f6veked\u00e9sen alapul\u201d \u2013 er\u0151sk\u00f6d\u00f6tt, Eur\u00f3pa energiakatasztr\u00f3f\u00e1j\u00e1t \u00e9s K\u00edna gazdas\u00e1gi lassul\u00e1s\u00e1t jel\u00f6lve meg jelenlegi neh\u00e9zs\u00e9gekk\u00e9nt. \u201cEgy olyan id\u0151szakba l\u00e9p\u00fcnk be, amelyet ink\u00e1bb rosszull\u00e9tnek nevezn\u00e9k.\u201d<\/span><\/p>\n<p><span>Fink kiemelte a r\u00e9szv\u00e9nyek \u00e9s k\u00f6tv\u00e9nyek idei meredek es\u00e9s\u00e9t, valamint az amerikai doll\u00e1r er\u0151s er\u0151s\u00f6d\u00e9s\u00e9t is, mint az \u201cipar teljes \u00fajraind\u00edt\u00e1s\u00e1nak\u201d bizony\u00edt\u00e9k\u00e1t.<\/span><\/p>\n<p><span>Tov\u00e1bb\u00e1 elmondta, hogy a vezet\u0151k sz\u00e1ml\u00e1i megn\u0151ttek, \u00e9s azt j\u00f3solta, hogy \u00e9vekbe telik majd, mire a kulcsfontoss\u00e1g\u00fa bankok cs\u00f6kkentik az elm\u00falt \u00e9vekben ny\u00fajtott \u00f6sszes \u00f6szt\u00f6nz\u0151 int\u00e9zked\u00e9st. Ez azt jelentheti, hogy a k\u00f6vetkez\u0151 \u00e9vekben vonakodnak gazdas\u00e1guk \u00f6szt\u00f6nz\u00e9s\u00e9t\u0151l.<\/span><\/p>\n<p>&nbsp;<\/p>\n<p><span>4. Janet Yellen, p\u00e9nz\u00fcgyminiszter \u00e9s a Federal Reserve kor\u00e1bbi eln\u00f6ke.<\/span><\/p>\n<p><span>\u201cAz amerikai p\u00e9nz\u00fcgyi rendszer lassul, de nagyon j\u00f3 \u00e1llapotban m\u0171k\u00f6dik\u201d \u2013 jegyezte meg Yellen. \u201cA vev\u0151k j\u00f3 \u00e1llapotban vannak, a forr\u00e1saik megfelel\u0151ek. A bankok is j\u00f3 \u00e1llapotban vannak.\u201d<\/span><\/p>\n<p><span>\u201cVal\u00f3j\u00e1ban lehets\u00e9ges lenne egy z\u00f6kken\u0151mentes landol\u00e1s\u201d \u2013 mondta, utalva azokra az eredm\u00e9nyekre, amikor a Fednek siker\u00fcl levernie az infl\u00e1ci\u00f3t an\u00e9lk\u00fcl, hogy recesszi\u00f3t id\u00e9zne el\u0151.<\/span><\/p>","protected":false},"excerpt":{"rendered":"<p>Charles Platiau\/Reuters Mark Zuckerberg, Andy Jassy e Larry Fink emitiram alertas sombrios sobre o sistema econ\u00f4mico dos EUA na quarta-feira. Os chefes da Meta e da Amazon planejam cortar custos, enquanto o chefe da BlackRock espera um aumento estagnado. A secret\u00e1ria do Tesouro, Janet Yellen, observou que os Estados Unidos est\u00e3o em boa forma e [&hellip;]<\/p>\n","protected":false},"author":8,"featured_media":0,"comment_status":"open","ping_status":"closed","sticky":false,"template":"","format":"standard","meta":{"footnotes":""},"categories":[14],"tags":[],"class_list":["post-774","post","type-post","status-publish","format-standard","category-economia"],"_links":{"self":[{"href":"https:\/\/noticias-gerais.online\/hu\/wp-json\/wp\/v2\/posts\/774","targetHints":{"allow":["GET"]}}],"collection":[{"href":"https:\/\/noticias-gerais.online\/hu\/wp-json\/wp\/v2\/posts"}],"about":[{"href":"https:\/\/noticias-gerais.online\/hu\/wp-json\/wp\/v2\/types\/post"}],"author":[{"embeddable":true,"href":"https:\/\/noticias-gerais.online\/hu\/wp-json\/wp\/v2\/users\/8"}],"replies":[{"embeddable":true,"href":"https:\/\/noticias-gerais.online\/hu\/wp-json\/wp\/v2\/comments?post=774"}],"version-history":[{"count":0,"href":"https:\/\/noticias-gerais.online\/hu\/wp-json\/wp\/v2\/posts\/774\/revisions"}],"wp:attachment":[{"href":"https:\/\/noticias-gerais.online\/hu\/wp-json\/wp\/v2\/media?parent=774"}],"wp:term":[{"taxonomy":"category","embeddable":true,"href":"https:\/\/noticias-gerais.online\/hu\/wp-json\/wp\/v2\/categories?post=774"},{"taxonomy":"post_tag","embeddable":true,"href":"https:\/\/noticias-gerais.online\/hu\/wp-json\/wp\/v2\/tags?post=774"}],"curies":[{"name":"munkaf\u00fczet","href":"https:\/\/api.w.org\/{rel}","templated":true}]}}