{"id":3791,"date":"2023-11-22T19:59:46","date_gmt":"2023-11-22T22:59:46","guid":{"rendered":"https:\/\/noticias-gerais.online\/?p=3791"},"modified":"2023-12-08T15:21:21","modified_gmt":"2023-12-08T18:21:21","slug":"isencao-minha-casa-minha-vida","status":"publish","type":"post","link":"https:\/\/noticias-gerais.online\/pl\/isencao-minha-casa-minha-vida\/","title":{"rendered":"Zwolnienie z podatku w programie \u201eMinha Casa Minha Vida\u201d: Kto si\u0119 kwalifikuje?"},"content":{"rendered":"<p class=\"wp-block-paragraph\">Nowe rozwi\u0105zania w programie Minha Casa Minha Vida! Osoby pobieraj\u0105ce Bolsa Fam\u00edlia lub Ci\u0105g\u0142\u0105 Wyp\u0142at\u0119 \u015awiadcze\u0144 (BPC) maj\u0105 teraz kolejny pow\u00f3d do \u015bwi\u0119towania.&nbsp;<\/p>\n\n\n\n<p class=\"wp-block-paragraph\">W ko\u0144cu rz\u0105d zdecydowa\u0142, \u017ce nie musz\u0105 ju\u017c martwi\u0107 si\u0119 o raty kredytu hipotecznego za nieruchomo\u015bci nabyte w ramach programu Minha Casa Minha Vida. Zgadza si\u0119, mog\u0105 nawet kupi\u0107 dom bez p\u0142acenia!&nbsp;<\/p>\n\n\n\n<p class=\"wp-block-paragraph\">Zmiana ta jest nast\u0119pstwem nowej polityki rz\u0105du federalnego, kt\u00f3ra zwalnia beneficjent\u00f3w z obowi\u0105zku p\u0142acenia rat po\u017cyczki.\u00a0<\/p>\n\n\n\n<div class=\"wp-block-rank-math-toc-block\" id=\"rank-math-toc\"><h2>Przeczytaj tak\u017ce:<\/h2><nav><ul><li class=\"\"><a href=\"https:\/\/noticias-gerais.online\/pl\/kit-antena-digital-veja-como-conseguir-gratuitamente\/\">Zestaw anteny cyfrowej: Dowiedz si\u0119, jak otrzyma\u0107 go za darmo.<\/a><\/li><li class=\"\"><a href=\"https:\/\/noticias-gerais.online\/pl\/saque-aniversario-fgts-veja-o-calendario\/\">Wyp\u0142ata urodzinowa FGTS: Zobacz harmonogram wyp\u0142at<\/a><\/li><\/ul><\/nav><\/div>\n\n\n\n<h2 class=\"wp-block-heading\" id=\"que-possui-direito-a-isencao-no-minha-casa-minha-vida\"><strong>Kto kwalifikuje si\u0119 do zwolnienia w ramach programu Minha Casa Minha Vida?<\/strong><\/h2>\n\n\n\n<figure class=\"wp-block-image size-full\"><img loading=\"lazy\" decoding=\"async\" width=\"900\" height=\"470\" src=\"http:\/\/noticias-gerais.online\/wp-content\/uploads\/2023\/11\/Thumb-Post-Blog-65-MCMV-2023-Novidades-e-Mudancas.jpg\" alt=\"Minha Casa Minha Vida\" class=\"wp-image-3792\" srcset=\"https:\/\/noticias-gerais.online\/wp-content\/uploads\/2023\/11\/Thumb-Post-Blog-65-MCMV-2023-Novidades-e-Mudancas.jpg 900w, https:\/\/noticias-gerais.online\/wp-content\/uploads\/2023\/11\/Thumb-Post-Blog-65-MCMV-2023-Novidades-e-Mudancas-300x157.jpg 300w, https:\/\/noticias-gerais.online\/wp-content\/uploads\/2023\/11\/Thumb-Post-Blog-65-MCMV-2023-Novidades-e-Mudancas-768x401.jpg 768w, https:\/\/noticias-gerais.online\/wp-content\/uploads\/2023\/11\/Thumb-Post-Blog-65-MCMV-2023-Novidades-e-Mudancas-150x78.jpg 150w, https:\/\/noticias-gerais.online\/wp-content\/uploads\/2023\/11\/Thumb-Post-Blog-65-MCMV-2023-Novidades-e-Mudancas-696x363.jpg 696w\" sizes=\"auto, (max-width: 900px) 100vw, 900px\" \/><figcaption class=\"wp-element-caption\">Obrazy Google<\/figcaption><\/figure>\n\n\n\n<p class=\"wp-block-paragraph\">Sprawd\u017a t\u0119 now\u0105 funkcj\u0119 dla tych, kt\u00f3rzy otrzymuj\u0105 <a href=\"https:\/\/www.gov.br\/mds\/pt-br\/acoes-e-programas\/bolsa-familia\" target=\"_blank\" rel=\"noopener\">Zasi\u0142ek rodzinny<\/a> A BPC: teraz, je\u015bli sp\u0142acasz po\u017cyczk\u0119, mo\u017cesz by\u0107 zwolniony z obowi\u0105zku sp\u0142aty przysz\u0142ych rat.&nbsp;<\/p>\n\n\n\n<p class=\"wp-block-paragraph\">Ministerstwo Miast szacuje, \u017ce z tego rozwi\u0105zania mog\u0142oby skorzysta\u0107 oko\u0142o 600 000 rodzin otrzymuj\u0105cych zasi\u0142ek Bolsa Fam\u00edlia i 150 000 rodzin otrzymuj\u0105cych zasi\u0142ek BPC.&nbsp;<\/p>\n\n\n\n<p class=\"wp-block-paragraph\">Nie dotyczy to wszystkich nieruchomo\u015bci obj\u0119tych programem, a jedynie tych, kt\u00f3re kwalifikuj\u0105 si\u0119 do otrzymania dofinansowania z FAR, FDS i PNHR.<\/p>\n\n\n\n<p class=\"wp-block-paragraph\">Co wi\u0119cej: raty, kt\u00f3re zosta\u0142y ju\u017c zap\u0142acone, nie zostan\u0105 zwr\u00f3cone, prawda? To zwolnienie b\u0119dzie obowi\u0105zywa\u0107 od 28 wrze\u015bnia.<\/p>\n\n\n\n<p class=\"wp-block-paragraph\">I nie ma znaczenia, czy Twoja umowa jest stara, czy zupe\u0142nie nowa. Je\u015bli podpisa\u0142e\u015b j\u0105 przed 28 wrze\u015bnia i by\u0142e\u015b ju\u017c zapisany do Bolsa Fam\u00edlia lub BPC w tym dniu, mo\u017cesz odetchn\u0105\u0107 z ulg\u0105, je\u015bli chodzi o przysz\u0142e raty.&nbsp;<\/p>\n\n\n\n<h2 class=\"wp-block-heading\" id=\"como-saber-se-voce-possui-direito\"><strong>Jak mog\u0119 sprawdzi\u0107, czy si\u0119 kwalifikuj\u0119?<\/strong><\/h2>\n\n\n\n<p class=\"wp-block-paragraph\">Caixa ma maksymalnie jeden miesi\u0105c na wdro\u017cenie nowych zasad programu Minha Casa Minha Vida, gdy\u017c to ona odpowiada za ten program.<\/p>\n\n\n\n<p class=\"wp-block-paragraph\">Po up\u0142ywie tego okresu niekt\u00f3re rodziny nie b\u0119d\u0105 musia\u0142y na razie p\u0142aci\u0107 rat, ale tylko je\u015bli spe\u0142ni\u0105 odpowiednie kryteria.&nbsp;<\/p>\n\n\n\n<p class=\"wp-block-paragraph\">Ministerstwo Miast ju\u017c ostrzeg\u0142o, \u017ce podmioty odpowiedzialne za umowy maj\u0105 do sze\u015bciu miesi\u0119cy na uregulowanie wszystkich zobowi\u0105za\u0144.<\/p>\n\n\n\n<h2 class=\"wp-block-heading\" id=\"os-imoveis-tambem-podem-ser-subsidiados-ou-financiados\"><strong>Nieruchomo\u015bci mog\u0105 by\u0107 r\u00f3wnie\u017c dotowane lub finansowane.<\/strong><\/h2>\n\n\n\n<figure class=\"wp-block-image size-large\"><img loading=\"lazy\" decoding=\"async\" width=\"1024\" height=\"682\" src=\"http:\/\/noticias-gerais.online\/wp-content\/uploads\/2023\/11\/BolsaFamilia-CartaoBolsaFamilia-30Jul2021-214-scaled-1-1024x682.webp\" alt=\"\" class=\"wp-image-3793\" srcset=\"https:\/\/noticias-gerais.online\/wp-content\/uploads\/2023\/11\/BolsaFamilia-CartaoBolsaFamilia-30Jul2021-214-scaled-1-1024x682.webp 1024w, https:\/\/noticias-gerais.online\/wp-content\/uploads\/2023\/11\/BolsaFamilia-CartaoBolsaFamilia-30Jul2021-214-scaled-1-300x200.webp 300w, https:\/\/noticias-gerais.online\/wp-content\/uploads\/2023\/11\/BolsaFamilia-CartaoBolsaFamilia-30Jul2021-214-scaled-1-768x512.webp 768w, https:\/\/noticias-gerais.online\/wp-content\/uploads\/2023\/11\/BolsaFamilia-CartaoBolsaFamilia-30Jul2021-214-scaled-1-1536x1024.webp 1536w, https:\/\/noticias-gerais.online\/wp-content\/uploads\/2023\/11\/BolsaFamilia-CartaoBolsaFamilia-30Jul2021-214-scaled-1-2048x1365.webp 2048w, https:\/\/noticias-gerais.online\/wp-content\/uploads\/2023\/11\/BolsaFamilia-CartaoBolsaFamilia-30Jul2021-214-scaled-1-150x100.webp 150w, https:\/\/noticias-gerais.online\/wp-content\/uploads\/2023\/11\/BolsaFamilia-CartaoBolsaFamilia-30Jul2021-214-scaled-1-696x464.webp 696w, https:\/\/noticias-gerais.online\/wp-content\/uploads\/2023\/11\/BolsaFamilia-CartaoBolsaFamilia-30Jul2021-214-scaled-1-1068x712.webp 1068w, https:\/\/noticias-gerais.online\/wp-content\/uploads\/2023\/11\/BolsaFamilia-CartaoBolsaFamilia-30Jul2021-214-scaled-1-1920x1280.webp 1920w\" sizes=\"auto, (max-width: 1024px) 100vw, 1024px\" \/><figcaption class=\"wp-element-caption\">Obrazy Google<\/figcaption><\/figure>\n\n\n\n<p class=\"wp-block-paragraph\">W Brazylii rz\u0105d federalny oferuje pomoc tym, kt\u00f3rzy chc\u0105 kupi\u0107 w\u0142asny dom: dotacj\u0119, kt\u00f3ra w zasadzie sk\u0142ada si\u0119 z cz\u0119\u015bci warto\u015bci nieruchomo\u015bci, kt\u00f3r\u0105 wyp\u0142aca rz\u0105d.&nbsp;<\/p>\n\n\n\n<p class=\"wp-block-paragraph\">W ten spos\u00f3b rodzina uzupe\u0142nia braki, dla os\u00f3b zarabiaj\u0105cych do okre\u015blonej kwoty (jest to tzw. pr\u00f3g dochodowy 1) maksymalna warto\u015b\u0107 domu lub mieszkania wynosi 170 tys. R$ w mie\u015bcie i 75 tys. R$ na wsi.<\/p>\n\n\n\n<p class=\"wp-block-paragraph\">Sp\u00f3jrz, jakie to fajne: w niekt\u00f3rych przypadkach rz\u0105d mo\u017ce zap\u0142aci\u0107 wi\u0119cej ni\u017c 90% warto\u015bci domu.&nbsp;<\/p>\n\n\n\n<p class=\"wp-block-paragraph\">Osoby z najni\u017cszego przedzia\u0142u dochodowego (Faixa 1), kt\u00f3re otrzymuj\u0105 r\u00f3wnie\u017c Bolsa Fam\u00edlia lub BPC, mog\u0105 nawet otrzyma\u0107 nieruchomo\u015b\u0107 za darmo. Raty, je\u015bli s\u0105 dost\u0119pne, zaczynaj\u0105 si\u0119 od 1 TP4T 80 R$ miesi\u0119cznie i s\u0105 sp\u0142acane przez oko\u0142o 5 lat.<\/p>\n\n\n\n<p class=\"wp-block-paragraph\">Ale to nie wszystko: istnieje wi\u0119cej opcji finansowania, kt\u00f3re mog\u0105 trwa\u0107 nawet 35 lat!&nbsp;<\/p>\n\n\n\n<h2 class=\"wp-block-heading\" id=\"outras-faixas-de-financiamento\"><strong>Inne strumienie finansowania<\/strong><\/h2>\n\n\n\n<p class=\"wp-block-paragraph\">Dla os\u00f3b zarabiaj\u0105cych nieco wi\u0119cej, do 4400 R$ (pasmo 2), ceny nieruchomo\u015bci wahaj\u0105 si\u0119 od 190 000 do 264 000 R$. Natomiast osoby zarabiaj\u0105ce do 8000 R$ (pasmo 3) mog\u0105 rozgl\u0105da\u0107 si\u0119 za nieruchomo\u015bciami do 350 000 R$.<\/p>\n\n\n\n<p class=\"wp-block-paragraph\">Oprocentowanie jest bardzo niskie, zaczynaj\u0105c od 4% rocznie i si\u0119gaj\u0105c do 816%, w zale\u017cno\u015bci od dochod\u00f3w i miejsca zamieszkania.&nbsp;<\/p>\n\n\n\n<p class=\"wp-block-paragraph\">Osoby posiadaj\u0105ce FGTS (brazylijski fundusz odszkodowa\u0144 pracowniczych) mog\u0105 liczy\u0107 na jeszcze wi\u0119ksz\u0105 zni\u017ck\u0119 na te op\u0142aty. A, i do tego mo\u017cesz wybiera\u0107 mi\u0119dzy nieruchomo\u015bciami nowymi a u\u017cywanymi. Mo\u017cliwo\u015bci jest wiele!<\/p>\n\n\n\n<p class=\"wp-block-paragraph\">Je\u015bli nale\u017cysz do grupy 1 programu Minha Casa, Minha Vida, ale nie otrzymujesz Bolsa Fam\u00edlia ani BPC, mamy dla Ciebie jeszcze wi\u0119cej dobrych wiadomo\u015bci.&nbsp;<\/p>\n\n\n\n<p class=\"wp-block-paragraph\">Zmniejsz\u0105 liczb\u0119 rat, kt\u00f3re musisz zap\u0142aci\u0107 za nieruchomo\u015b\u0107, ze 120 do 60; dotyczy to dom\u00f3w podpisanych w ramach Narodowego Programu Mieszkalnictwa Miejskiego.<\/p>\n\n\n\n<p class=\"wp-block-paragraph\">Poziom 1 jest przeznaczony dla os\u00f3b zarabiaj\u0105cych do 2640 R$ miesi\u0119cznie. \u015aled\u017a zasady i przedzia\u0142y dochodowe, aby dowiedzie\u0107 si\u0119, jak mo\u017ce Ci to pom\u00f3c.<\/p>\n\n\n\n<p class=\"wp-block-paragraph\">Sprawd\u017a tak\u017ce program Desenrola Brasil: <a href=\"https:\/\/noticias-gerais.online\/pl\/desenrola-brasil-desconto-em-dividas-do-cartao-de-credito-de-ate-96\/\">Tutaj<\/a>Masz pytania dotycz\u0105ce zwolnienia z programu Minha Casa Minha Vida? Zostaw je w komentarzach poni\u017cej!<\/p>","protected":false},"excerpt":{"rendered":"<p>Novidades do Minha Casa Minha Vida! Pessoas que recebem Bolsa Fam\u00edlia ou Benef\u00edcio de Presta\u00e7\u00e3o Continuada (BPC) agora t\u00eam um motivo a mais para comemorar.&nbsp; Afinal, o governo decidiu que eles n\u00e3o precisam mais se preocupar com as presta\u00e7\u00f5es dos im\u00f3veis adquiridos pelo programa Minha Casa Minha Vida. Isso mesmo, pode ser que eles consigam [&hellip;]<\/p>\n","protected":false},"author":6,"featured_media":3792,"comment_status":"open","ping_status":"closed","sticky":false,"template":"","format":"standard","meta":{"footnotes":""},"categories":[27],"tags":[705,704,123,518],"class_list":["post-3791","post","type-post","status-publish","format-standard","has-post-thumbnail","category-beneficios-sociais","tag-casa-verde-e-amarela","tag-isencao","tag-minha-casa-minha-vida","tag-programa-habitacional"],"_links":{"self":[{"href":"https:\/\/noticias-gerais.online\/pl\/wp-json\/wp\/v2\/posts\/3791","targetHints":{"allow":["GET"]}}],"collection":[{"href":"https:\/\/noticias-gerais.online\/pl\/wp-json\/wp\/v2\/posts"}],"about":[{"href":"https:\/\/noticias-gerais.online\/pl\/wp-json\/wp\/v2\/types\/post"}],"author":[{"embeddable":true,"href":"https:\/\/noticias-gerais.online\/pl\/wp-json\/wp\/v2\/users\/6"}],"replies":[{"embeddable":true,"href":"https:\/\/noticias-gerais.online\/pl\/wp-json\/wp\/v2\/comments?post=3791"}],"version-history":[{"count":0,"href":"https:\/\/noticias-gerais.online\/pl\/wp-json\/wp\/v2\/posts\/3791\/revisions"}],"wp:featuredmedia":[{"embeddable":true,"href":"https:\/\/noticias-gerais.online\/pl\/wp-json\/wp\/v2\/media\/3792"}],"wp:attachment":[{"href":"https:\/\/noticias-gerais.online\/pl\/wp-json\/wp\/v2\/media?parent=3791"}],"wp:term":[{"taxonomy":"category","embeddable":true,"href":"https:\/\/noticias-gerais.online\/pl\/wp-json\/wp\/v2\/categories?post=3791"},{"taxonomy":"post_tag","embeddable":true,"href":"https:\/\/noticias-gerais.online\/pl\/wp-json\/wp\/v2\/tags?post=3791"}],"curies":[{"name":"wp","href":"https:\/\/api.w.org\/{rel}","templated":true}]}}