{"id":4264,"date":"2024-01-10T15:57:44","date_gmt":"2024-01-10T18:57:44","guid":{"rendered":"https:\/\/noticias-gerais.online\/?p=4264"},"modified":"2024-01-10T15:57:48","modified_gmt":"2024-01-10T18:57:48","slug":"auxilio-inclusao-entenda-como-funciona","status":"publish","type":"post","link":"https:\/\/noticias-gerais.online\/pl\/auxilio-inclusao-entenda-como-funciona\/","title":{"rendered":"Pomoc w integracji: Dowiedz si\u0119, jak to dzia\u0142a"},"content":{"rendered":"<p class=\"wp-block-paragraph\">Program Wsparcia Integracyjnego jest inicjatyw\u0105 rz\u0105du federalnego, kt\u00f3rej celem jest wsparcie os\u00f3b chc\u0105cych powr\u00f3ci\u0107 na rynek pracy.\u00a0<\/p>\n\n\n\n<p class=\"wp-block-paragraph\">Jest ona powi\u0105zana z programem Ci\u0105g\u0142ej Wyp\u0142aty \u015awiadcze\u0144 (BPC) i ma na celu zach\u0119cenie prywatnych firm do zatrudniania os\u00f3b starszych lub niepe\u0142nosprawnych.<\/p>\n\n\n\n<p class=\"wp-block-paragraph\">Tutaj wyja\u015bnimy, czym jest program Wsparcia Integracyjnego, jak dzia\u0142a i jakie s\u0105 jego cele. B\u0105d\u017acie czujni!<\/p>\n\n\n\n<div class=\"wp-block-rank-math-toc-block\" id=\"rank-math-toc\"><h2><strong>Przeczytaj tak\u017ce:<\/strong><\/h2><nav><ul><li class=\"\"><a href=\"https:\/\/noticias-gerais.online\/pl\/fgts-veja-o-calendario-de-saque-2024\/\">FGTS: Zobacz harmonogram wyp\u0142at na rok 2024<\/a><\/li><li class=\"\"><a href=\"https:\/\/noticias-gerais.online\/pl\/cartao-material-escolar-como-ganhar\/\">Karta na przybory szkolne: Jak uzyska\u0107 t\u0119 korzy\u015b\u0107?<\/a><\/li><li class=\"\"><a href=\"https:\/\/noticias-gerais.online\/pl\/proteger-seu-celular-nas-redes-sociais\/\">5 sposob\u00f3w na ochron\u0119 telefonu kom\u00f3rkowego w mediach spo\u0142eczno\u015bciowych<\/a><\/li><\/ul><\/nav><\/div>\n\n\n\n<h2 class=\"wp-block-heading\" id=\"o-que-e-auxilio-inclusao\"><strong>Czym jest pomoc integracyjna?<\/strong><\/h2>\n\n\n\n<figure class=\"wp-block-image size-full\"><img loading=\"lazy\" decoding=\"async\" width=\"768\" height=\"432\" src=\"http:\/\/noticias-gerais.online\/wp-content\/uploads\/2024\/01\/bxblue-auxilio-inclusao-768x432-1.webp\" alt=\"Aux\u00edlio-Inclus\u00e3o\" class=\"wp-image-4265\" srcset=\"https:\/\/noticias-gerais.online\/wp-content\/uploads\/2024\/01\/bxblue-auxilio-inclusao-768x432-1.webp 768w, https:\/\/noticias-gerais.online\/wp-content\/uploads\/2024\/01\/bxblue-auxilio-inclusao-768x432-1-300x169.webp 300w, https:\/\/noticias-gerais.online\/wp-content\/uploads\/2024\/01\/bxblue-auxilio-inclusao-768x432-1-150x84.webp 150w, https:\/\/noticias-gerais.online\/wp-content\/uploads\/2024\/01\/bxblue-auxilio-inclusao-768x432-1-696x392.webp 696w\" sizes=\"auto, (max-width: 768px) 100vw, 768px\" \/><figcaption class=\"wp-element-caption\">Obrazy Google<\/figcaption><\/figure>\n\n\n\n<p class=\"wp-block-paragraph\">Program Wsparcia Integracyjnego to inicjatywa skierowana do os\u00f3b pobieraj\u0105cych Ci\u0105g\u0142\u0105 Wyp\u0142at\u0119 \u015awiadcze\u0144 (BPC) i przygotowuj\u0105cych si\u0119 do powrotu na rynek pracy.&nbsp;<\/p>\n\n\n\n<p class=\"wp-block-paragraph\">Pomoc ta polega na comiesi\u0119cznym wyp\u0142acie got\u00f3wki, zapewniaj\u0105c osobom niepe\u0142nosprawnym wi\u0119ksz\u0105 autonomi\u0119 i u\u0142atwiaj\u0105c im wej\u015bcie do \u015brodowiska zawodowego.<\/p>\n\n\n\n<p class=\"wp-block-paragraph\">Pocz\u0105tki tego \u015bwiadczenia si\u0119gaj\u0105 artyku\u0142u 94 Ustawy o osobach niepe\u0142nosprawnych 13.146\/2015.&nbsp;<\/p>\n\n\n\n<p class=\"wp-block-paragraph\">Jednak dopiero w 2021 r., wraz z regulacj\u0105 ustawow\u0105 nr 14.176, program pomocy w integracji spo\u0142ecznej zyska\u0142 solidniejsze podstawy prawne.&nbsp;<\/p>\n\n\n\n<p class=\"wp-block-paragraph\">Wdro\u017cenie programu by\u0142o prowadzone przez rz\u0105d federalny, za po\u015brednictwem Ministerstwa Obywatelstwa. Zdaniem rz\u0105du, \u015bwiadczenie to przynosi korzy\u015bci ca\u0142emu spo\u0142ecze\u0144stwu.&nbsp;<\/p>\n\n\n\n<p class=\"wp-block-paragraph\">Osoba niepe\u0142nosprawna otrzymuje wsparcie finansowe na wej\u015bcie i utrzymanie si\u0119 na rynku pracy, natomiast pracodawca stosuje si\u0119 do Ustawy o kwotach, kt\u00f3ra ustanawia rezerwacj\u0119 stanowisk dla specjalist\u00f3w niepe\u0142nosprawnych w przedsi\u0119biorstwach.&nbsp;<\/p>\n\n\n\n<p class=\"wp-block-paragraph\">Celem tego \u015brodka jest promowanie integracji i wyr\u00f3wnywanie szans w miejscu pracy.<\/p>\n\n\n\n<h2 class=\"wp-block-heading\" id=\"quais-os-objetivos-dessa-iniciativa\"><strong>Jakie s\u0105 cele tej inicjatywy?<\/strong><\/h2>\n\n\n\n<p class=\"wp-block-paragraph\">1. Aby da\u0107 dodatkowy impuls w kierunku autonomii os\u00f3b niepe\u0142nosprawnych;<\/p>\n\n\n\n<p class=\"wp-block-paragraph\">2. Zapewnienie osobom niepe\u0142nosprawnym zach\u0119ty do podejmowania kariery zawodowej;<\/p>\n\n\n\n<p class=\"wp-block-paragraph\">3. Wspieranie firm prywatnych we w\u0142\u0105czaniu r\u00f3\u017cnorodno\u015bci do ich zespo\u0142\u00f3w;<\/p>\n\n\n\n<p class=\"wp-block-paragraph\">4. Priorytetem jest zapewnienie niezale\u017cno\u015bci osoby niepe\u0142nosprawnej;<\/p>\n\n\n\n<p class=\"wp-block-paragraph\">5. Nak\u0142oni\u0107 firmy do \u015bcis\u0142ego przestrzegania ustawy o kwotach.<\/p>\n\n\n\n<h2 class=\"wp-block-heading\" id=\"quem-pode-solicitar-o-auxilio-inclusao\"><strong>Kto mo\u017ce ubiega\u0107 si\u0119 o pomoc w integracji spo\u0142ecznej?<\/strong><\/h2>\n\n\n\n<ul class=\"wp-block-list\">\n<li>Osoby, kt\u00f3re w ci\u0105gu ostatnich 5 lat otrzymywa\u0142y \u015bwiadczenie ci\u0105g\u0142e (BPC);<\/li>\n\n\n\n<li>Osoby niepe\u0142nosprawne (PWD) pracuj\u0105ce w sektorze publicznym lub prywatnym, z wynagrodzeniem ni\u017cszym ni\u017c dwukrotno\u015b\u0107 p\u0142acy minimalnej w 2023 r. (R$2 604,00);<\/li>\n\n\n\n<li>Osoby, kt\u00f3rych doch\u00f3d rodzinny na osob\u0119 jest r\u00f3wny lub ni\u017cszy od \u00bc p\u0142acy minimalnej w momencie sk\u0142adania wniosku o pomoc w zakresie w\u0142\u0105czenia spo\u0142ecznego (R$325.50);<\/li>\n\n\n\n<li>Osoby posiadaj\u0105ce aktualn\u0105 rejestracj\u0119 w Jednolitym Rejestrze (Cad\u00danico);<\/li>\n\n\n\n<li>Osoby fizyczne posiadaj\u0105ce wa\u017cn\u0105 rejestracj\u0119 w Rejestrze Podatnik\u00f3w Indywidualnych (CPF).<\/li>\n<\/ul>\n\n\n\n<p class=\"wp-block-paragraph\">Przy ubieganiu si\u0119 o \u015bwiadczenie konieczne jest przedstawienie dochodu na osob\u0119 w rodzinie spe\u0142niaj\u0105cego wy\u017cej wymienione kryteria.&nbsp;<\/p>\n\n\n\n<p class=\"wp-block-paragraph\">Niespe\u0142nienie tego wymogu lub brak zatrudnienia w momencie sk\u0142adania wniosku mo\u017ce skutkowa\u0107 odmow\u0105 przyznania pomocy w zakresie w\u0142\u0105czenia spo\u0142ecznego.&nbsp;<\/p>\n\n\n\n<p class=\"wp-block-paragraph\">Co wi\u0119cej, regularne aktualizowanie rejestracji w Cad\u00danico (Jednolitym Rejestrze Program\u00f3w Spo\u0142ecznych) i posiadanie wa\u017cnego brazylijskiego numeru identyfikacyjnego podatnika (CPF) s\u0105 niezb\u0119dne, aby unikn\u0105\u0107 problem\u00f3w, np. trudno\u015bci z obj\u0119ciem stanowiska w s\u0142u\u017cbie publicznej.<\/p>\n\n\n\n<h2 class=\"wp-block-heading\" id=\"quanto-e-o-auxilio-inclusao\"><strong>Ile wynosi pomoc integracyjna?<\/strong><\/h2>\n\n\n\n<figure class=\"wp-block-image size-large\"><img loading=\"lazy\" decoding=\"async\" width=\"1024\" height=\"683\" src=\"http:\/\/noticias-gerais.online\/wp-content\/uploads\/2024\/01\/shutterstock_204987154-scaled-1-1024x683.jpg\" alt=\"\" class=\"wp-image-4266\" srcset=\"https:\/\/noticias-gerais.online\/wp-content\/uploads\/2024\/01\/shutterstock_204987154-scaled-1-1024x683.jpg 1024w, https:\/\/noticias-gerais.online\/wp-content\/uploads\/2024\/01\/shutterstock_204987154-scaled-1-300x200.jpg 300w, https:\/\/noticias-gerais.online\/wp-content\/uploads\/2024\/01\/shutterstock_204987154-scaled-1-768x512.jpg 768w, https:\/\/noticias-gerais.online\/wp-content\/uploads\/2024\/01\/shutterstock_204987154-scaled-1-1536x1024.jpg 1536w, https:\/\/noticias-gerais.online\/wp-content\/uploads\/2024\/01\/shutterstock_204987154-scaled-1-2048x1366.jpg 2048w, https:\/\/noticias-gerais.online\/wp-content\/uploads\/2024\/01\/shutterstock_204987154-scaled-1-150x100.jpg 150w, https:\/\/noticias-gerais.online\/wp-content\/uploads\/2024\/01\/shutterstock_204987154-scaled-1-696x464.jpg 696w, https:\/\/noticias-gerais.online\/wp-content\/uploads\/2024\/01\/shutterstock_204987154-scaled-1-1068x712.jpg 1068w, https:\/\/noticias-gerais.online\/wp-content\/uploads\/2024\/01\/shutterstock_204987154-scaled-1-1920x1280.jpg 1920w\" sizes=\"auto, (max-width: 1024px) 100vw, 1024px\" \/><figcaption class=\"wp-element-caption\">Obrazy Google<\/figcaption><\/figure>\n\n\n\n<p class=\"wp-block-paragraph\">Obecna warto\u015b\u0107 pomocy w zakresie w\u0142\u0105czenia spo\u0142ecznego wynosi R$651,00, co stanowi po\u0142ow\u0119 minimalnego wynagrodzenia lub 50% kwoty wyp\u0142acanej przez BPC.<\/p>\n\n\n\n<h2 class=\"wp-block-heading\" id=\"como-conseguir-este-auxilio\"><strong>Jak mog\u0119 uzyska\u0107 t\u0119 pomoc?<\/strong><\/h2>\n\n\n\n<p class=\"wp-block-paragraph\">Chcesz wiedzie\u0107, jak zagwarantowa\u0107 sobie wsparcie w zakresie integracji spo\u0142ecznej z INSS? Post\u0119puj zgodnie z instrukcjami krok po kroku:<\/p>\n\n\n\n<p class=\"wp-block-paragraph\">1. Pobierz aplikacj\u0119 <a href=\"https:\/\/play.google.com\/store\/apps\/details?id=br.gov.dataprev.meuinss&hl=pt_BR&gl=US\" target=\"_blank\" rel=\"noopener\">M\u00f3j INSS<\/a> na urz\u0105dzeniu z systemem Android lub iOS lub odwied\u017a witryn\u0119 internetow\u0105;<\/p>\n\n\n\n<p class=\"wp-block-paragraph\">2. Wpisz \u201cPomoc w integracji\u201d;<\/p>\n\n\n\n<p class=\"wp-block-paragraph\">3. Kliknij odpowiedni\u0105 opcj\u0119;<\/p>\n\n\n\n<p class=\"wp-block-paragraph\">4. Sp\u00f3jrz na to, co pojawia si\u0119 na ekranie;<\/p>\n\n\n\n<p class=\"wp-block-paragraph\">5. Post\u0119puj zgodnie z wy\u015bwietlanymi instrukcjami.<\/p>\n\n\n\n<p class=\"wp-block-paragraph\">Je\u015bli wolisz, mo\u017cesz z\u0142o\u017cy\u0107 wniosek, dzwoni\u0105c pod numer 135. Pami\u0119taj, aby mie\u0107 pod r\u0119k\u0105 sw\u00f3j numer \u015bwiadczenia, brazylijski numer identyfikacji podatkowej (CPF) i aktualne informacje z rejestru Cad\u00danico (brazylijskiego rejestru \u015bwiadcze\u0144 spo\u0142ecznych).&nbsp;<\/p>\n\n\n\n<p class=\"wp-block-paragraph\">Je\u015bli rozwa\u017casz ustanowienie pe\u0142nomocnika lub przedstawiciela prawnego, wystarczy okaza\u0107 dokument to\u017csamo\u015bci ze zdj\u0119ciem (RG, CNH lub CTPS) oraz numer CPF pe\u0142nomocnika lub przedstawiciela. Proste, prawda?<\/p>\n\n\n\n<p class=\"wp-block-paragraph\">Sprawd\u017a tak\u017ce aplikacj\u0119 FGTS: <a href=\"https:\/\/noticias-gerais.online\/pl\/aplicativo-fgts-veja-como-receber-pelo-app\/\">Tutaj<\/a>Masz pytania dotycz\u0105ce dzia\u0142ania programu Inclusion Assistance? Zostaw je w komentarzach poni\u017cej!<\/p>","protected":false},"excerpt":{"rendered":"<p>O Aux\u00edlio-Inclus\u00e3o \u00e9 uma iniciativa do governo federal com o prop\u00f3sito de apoiar aqueles que buscam retornar ao mercado de trabalho.\u00a0 Ele est\u00e1 relacionado ao Benef\u00edcio de Presta\u00e7\u00e3o Continuada (BPC) e visa incentivar as empresas privadas a contratarem indiv\u00edduos idosos ou com defici\u00eancia. Aqui, vamos esclarecer o que \u00e9 o Aux\u00edlio-Inclus\u00e3o, como ele opera e [&hellip;]<\/p>\n","protected":false},"author":6,"featured_media":4265,"comment_status":"open","ping_status":"closed","sticky":false,"template":"","format":"standard","meta":{"footnotes":""},"categories":[27],"tags":[782,166,155],"class_list":["post-4264","post","type-post","status-publish","format-standard","has-post-thumbnail","category-beneficios-sociais","tag-auxilio-inclusao","tag-beneficio-social","tag-inss"],"_links":{"self":[{"href":"https:\/\/noticias-gerais.online\/pl\/wp-json\/wp\/v2\/posts\/4264","targetHints":{"allow":["GET"]}}],"collection":[{"href":"https:\/\/noticias-gerais.online\/pl\/wp-json\/wp\/v2\/posts"}],"about":[{"href":"https:\/\/noticias-gerais.online\/pl\/wp-json\/wp\/v2\/types\/post"}],"author":[{"embeddable":true,"href":"https:\/\/noticias-gerais.online\/pl\/wp-json\/wp\/v2\/users\/6"}],"replies":[{"embeddable":true,"href":"https:\/\/noticias-gerais.online\/pl\/wp-json\/wp\/v2\/comments?post=4264"}],"version-history":[{"count":0,"href":"https:\/\/noticias-gerais.online\/pl\/wp-json\/wp\/v2\/posts\/4264\/revisions"}],"wp:featuredmedia":[{"embeddable":true,"href":"https:\/\/noticias-gerais.online\/pl\/wp-json\/wp\/v2\/media\/4265"}],"wp:attachment":[{"href":"https:\/\/noticias-gerais.online\/pl\/wp-json\/wp\/v2\/media?parent=4264"}],"wp:term":[{"taxonomy":"category","embeddable":true,"href":"https:\/\/noticias-gerais.online\/pl\/wp-json\/wp\/v2\/categories?post=4264"},{"taxonomy":"post_tag","embeddable":true,"href":"https:\/\/noticias-gerais.online\/pl\/wp-json\/wp\/v2\/tags?post=4264"}],"curies":[{"name":"wp","href":"https:\/\/api.w.org\/{rel}","templated":true}]}}