{"id":4273,"date":"2024-01-11T13:00:39","date_gmt":"2024-01-11T16:00:39","guid":{"rendered":"https:\/\/noticias-gerais.online\/?p=4273"},"modified":"2024-01-11T13:00:57","modified_gmt":"2024-01-11T16:00:57","slug":"auxilio-brasil-como-atualizar-seus-dados","status":"publish","type":"post","link":"https:\/\/noticias-gerais.online\/pl\/auxilio-brasil-como-atualizar-seus-dados\/","title":{"rendered":"Aid Brazil: Jak zaktualizowa\u0107 swoje dane w 2024 r."},"content":{"rendered":"<p class=\"wp-block-paragraph\">Je\u015bli otrzymujesz pomoc brazylijsk\u0105 (Aux\u00edlio Brasil), niezwykle wa\u017cne jest, aby g\u0142owa rodziny zaktualizowa\u0142a Cadastro \u00danico (Jednolity Rejestr).\u00a0<\/p>\n\n\n\n<p class=\"wp-block-paragraph\">Czy wiesz dlaczego? Poniewa\u017c tylko w ten spos\u00f3b rz\u0105dy federalne, stanowe i miejskie mog\u0105 zrozumie\u0107, czego potrzebuj\u0105 rodziny i w\u0142\u0105czy\u0107 wszystkich do program\u00f3w socjalnych.&nbsp;<\/p>\n\n\n\n<p class=\"wp-block-paragraph\">Je\u015bli chcesz nadal cieszy\u0107 si\u0119 korzy\u015bciami w 2024 r., nie przegap tego procesu!<\/p>\n\n\n\n<div class=\"wp-block-rank-math-toc-block\" id=\"rank-math-toc\"><h2><strong>Przeczytaj tak\u017ce:<\/strong><\/h2><nav><ul><li class=\"\"><a href=\"https:\/\/noticias-gerais.online\/pl\/aplicativo-fgts-veja-como-receber-pelo-app\/\">Aplikacja FGTS: Zobacz, jak odbiera\u0107 p\u0142atno\u015bci za po\u015brednictwem aplikacji<\/a><\/li><li class=\"\"><a href=\"https:\/\/noticias-gerais.online\/pl\/auxilio-inclusao-entenda-como-funciona\/\">Pomoc w integracji: Dowiedz si\u0119, jak to dzia\u0142a<\/a><\/li><li class=\"\"><a href=\"https:\/\/noticias-gerais.online\/pl\/proteger-seu-celular-nas-redes-sociais\/\">5 sposob\u00f3w na ochron\u0119 telefonu kom\u00f3rkowego w mediach spo\u0142eczno\u015bciowych<\/a><\/li><\/ul><\/nav><\/div>\n\n\n\n<h2 class=\"wp-block-heading\" id=\"quando-atualizar-os-dados-para-o-auxilio-brasil\"><strong>Kiedy powinienem zaktualizowa\u0107 swoje dane na potrzeby programu Aux\u00edlio Brasil?<\/strong><\/h2>\n\n\n\n<figure class=\"wp-block-image size-large\"><img loading=\"lazy\" decoding=\"async\" width=\"1024\" height=\"553\" src=\"http:\/\/noticias-gerais.online\/wp-content\/uploads\/2024\/01\/auxilio-brasil-verde-amarelo-1024x553.jpg\" alt=\"Aux\u00edlio Brasil\" class=\"wp-image-4274\" srcset=\"https:\/\/noticias-gerais.online\/wp-content\/uploads\/2024\/01\/auxilio-brasil-verde-amarelo-1024x553.jpg 1024w, https:\/\/noticias-gerais.online\/wp-content\/uploads\/2024\/01\/auxilio-brasil-verde-amarelo-300x162.jpg 300w, https:\/\/noticias-gerais.online\/wp-content\/uploads\/2024\/01\/auxilio-brasil-verde-amarelo-768x415.jpg 768w, https:\/\/noticias-gerais.online\/wp-content\/uploads\/2024\/01\/auxilio-brasil-verde-amarelo-150x81.jpg 150w, https:\/\/noticias-gerais.online\/wp-content\/uploads\/2024\/01\/auxilio-brasil-verde-amarelo-696x376.jpg 696w, https:\/\/noticias-gerais.online\/wp-content\/uploads\/2024\/01\/auxilio-brasil-verde-amarelo-1068x577.jpg 1068w, https:\/\/noticias-gerais.online\/wp-content\/uploads\/2024\/01\/auxilio-brasil-verde-amarelo.jpg 1250w\" sizes=\"auto, (max-width: 1024px) 100vw, 1024px\" \/><figcaption class=\"wp-element-caption\">Obrazy Google<\/figcaption><\/figure>\n\n\n\n<p class=\"wp-block-paragraph\">W pewnych sytuacjach konieczne jest, aby posiadacz konta zaktualizowa\u0142 swoje dane w Jednolitym Rejestrze.&nbsp;<\/p>\n\n\n\n<p class=\"wp-block-paragraph\">Je\u015bli ten wniosek nie zostanie spe\u0142niony, a rz\u0105d zidentyfikuje nieprawid\u0142owe informacje podczas analizy danych, \u015bwiadczenia socjalne na rzecz beneficjenta zostan\u0105 wstrzymane. Dlatego ta procedura jest kluczowa.<\/p>\n\n\n\n<p class=\"wp-block-paragraph\">Niestety, nie jest jeszcze mo\u017cliwe przeprowadzenie pe\u0142nej aktualizacji online.&nbsp;<\/p>\n\n\n\n<p class=\"wp-block-paragraph\">Aplikacja Meu Cad\u00danico oferuje jedynie wst\u0119pn\u0105 aktualizacj\u0119 lub potwierdzenie danych. W przypadku jakichkolwiek zmian, osoba pobieraj\u0105ca \u015bwiadczenie musi zaktualizowa\u0107 swoje dane osobi\u015bcie.<\/p>\n\n\n\n<p class=\"wp-block-paragraph\">W tym celu nale\u017cy skorzysta\u0107 z us\u0142ug CRAS (Centrum Referencyjnego Pomocy Spo\u0142ecznej).&nbsp;<\/p>\n\n\n\n<p class=\"wp-block-paragraph\">Przed wizyt\u0105 zaleca si\u0119 sprawdzenie, czy konieczne jest um\u00f3wienie si\u0119 na wizyt\u0119, poniewa\u017c ze wzgl\u0119du na du\u017ce zapotrzebowanie, jednostki te preferuj\u0105 wcze\u015bniejsze um\u00f3wienie si\u0119 na wizyt\u0119.<\/p>\n\n\n\n<h2 class=\"wp-block-heading\" id=\"quando-e-necessario-atualizar-o-cadastro-unico\"><strong>Kiedy nale\u017cy dokona\u0107 aktualizacji Jednolitego Rejestru?<\/strong><\/h2>\n\n\n\n<p class=\"wp-block-paragraph\">Ju\u017c od pierwszego kontaktu z platform\u0105 osoba odpowiedzialna za \u015bwiadczenie i reprezentant rodziny otrzymuje wskaz\u00f3wki, kiedy nale\u017cy dokona\u0107 aktualizacji Jednolitego Rejestru.&nbsp;<\/p>\n\n\n\n<p class=\"wp-block-paragraph\">Wynika to z faktu, \u017ce procedura ta jest obowi\u0105zkowa, a jej niedope\u0142nienie mo\u017ce skutkowa\u0107 zawieszeniem wyp\u0142aty \u015bwiadczenia.<\/p>\n\n\n\n<p class=\"wp-block-paragraph\">Nale\u017cy podkre\u015bli\u0107, \u017ce sama rejestracja Cad\u00danico nie daje bezpo\u015bredniego dost\u0119pu do \u015bwiadcze\u0144 finansowych, takich jak program Aux\u00edlio Brasil czy bon na benzyn\u0119.&nbsp;<\/p>\n\n\n\n<p class=\"wp-block-paragraph\">Jego funkcj\u0105 jest udost\u0119pnianie danych na temat rodzin znajduj\u0105cych si\u0119 w trudnej sytuacji, co umo\u017cliwi rz\u0105dowi w\u0142\u0105czenie ich do programu, je\u015bli pozwoli na to bud\u017cet.<\/p>\n\n\n\n<p class=\"wp-block-paragraph\">Istnieje kilka sytuacji, kt\u00f3re mog\u0105 wymaga\u0107 aktualizacji danych rejestracyjnych, takich jak:<\/p>\n\n\n\n<ul class=\"wp-block-list\">\n<li>Zmiana adresu (ulicy, dzielnicy, miasta lub wojew\u00f3dztwa);<\/li>\n\n\n\n<li>Zmiany w szkole dzieci i m\u0142odzie\u017cy w wieku szkolnym;<\/li>\n\n\n\n<li>Przybycie nowych mieszka\u0144c\u00f3w, zmiana pracy w rodzinie (np. zdobycie lub utrata pracy);<\/li>\n\n\n\n<li>Utrata \u017ar\u00f3d\u0142a dochodu (np. aliment\u00f3w) oraz;&nbsp;<\/li>\n\n\n\n<li>Wydarzenia takie jak ci\u0105\u017ca lub narodziny nowego cz\u0142onka rodziny.&nbsp;<\/li>\n<\/ul>\n\n\n\n<p class=\"wp-block-paragraph\">Nale\u017cy zwr\u00f3ci\u0107 uwag\u0119 na te zmiany, aby zapewni\u0107 sobie ci\u0105g\u0142o\u015b\u0107 \u015bwiadcze\u0144.<\/p>\n\n\n\n<h2 class=\"wp-block-heading\" id=\"como-descobrir-se-e-hora-de-atualizar-o-cadastro-unico\"><strong>Jak mog\u0119 si\u0119 dowiedzie\u0107, czy nadszed\u0142 czas na aktualizacj\u0119 mojego Rejestru Jednolitego?<\/strong><\/h2>\n\n\n\n<figure class=\"wp-block-image size-full\"><img loading=\"lazy\" decoding=\"async\" width=\"768\" height=\"434\" src=\"http:\/\/noticias-gerais.online\/wp-content\/uploads\/2024\/01\/valor-do-auxilio-brasil-pode-passar-de-r-400-entenda-proposta-1.webp\" alt=\"\" class=\"wp-image-4275\" srcset=\"https:\/\/noticias-gerais.online\/wp-content\/uploads\/2024\/01\/valor-do-auxilio-brasil-pode-passar-de-r-400-entenda-proposta-1.webp 768w, https:\/\/noticias-gerais.online\/wp-content\/uploads\/2024\/01\/valor-do-auxilio-brasil-pode-passar-de-r-400-entenda-proposta-1-300x170.webp 300w, https:\/\/noticias-gerais.online\/wp-content\/uploads\/2024\/01\/valor-do-auxilio-brasil-pode-passar-de-r-400-entenda-proposta-1-150x85.webp 150w, https:\/\/noticias-gerais.online\/wp-content\/uploads\/2024\/01\/valor-do-auxilio-brasil-pode-passar-de-r-400-entenda-proposta-1-696x393.webp 696w\" sizes=\"auto, (max-width: 768px) 100vw, 768px\" \/><figcaption class=\"wp-element-caption\">Obrazy Google<\/figcaption><\/figure>\n\n\n\n<p class=\"wp-block-paragraph\">Opr\u00f3cz wcze\u015bniej wymienionych przypadk\u00f3w obowi\u0105zkowych istniej\u0105 sytuacje, w kt\u00f3rych rz\u0105d federalny, dokonuj\u0105c przegl\u0105du \u015bwiadcze\u0144 socjalnych, stwierdza potencjalne nieprawid\u0142owo\u015bci.&nbsp;<\/p>\n\n\n\n<p class=\"wp-block-paragraph\">W takich przypadkach beneficjent jest wzywany do aktualizacji swojego Jednolitego Rejestru, co zapobiega zawieszeniu \u015bwiadcze\u0144.<\/p>\n\n\n\n<p class=\"wp-block-paragraph\">Aby sprawdzi\u0107, czy znajdujesz si\u0119 w takiej sytuacji, wa\u017cne jest monitorowanie swoich danych i weryfikacja informacji zarejestrowanych na Twoje nazwisko.&nbsp;<\/p>\n\n\n\n<p class=\"wp-block-paragraph\">Obywatele mog\u0105 dokona\u0107 tego zapytania nast\u0119puj\u0105cymi sposobami:<\/p>\n\n\n\n<ul class=\"wp-block-list\">\n<li><strong>Strona internetowa pojedynczego rejestru:<\/strong> wybieraj\u0105c opcj\u0119 \u201cProste zapytanie\u201d i podaj\u0105c dane osobowe lub \u201cPe\u0142ne zapytanie\u201d podczas logowania <a href=\"https:\/\/acesso.gov.br\/\" target=\"_blank\" rel=\"noopener\">Rz\u0105d br<\/a>;<\/li>\n\n\n\n<li><strong>Moja aplikacja Cad\u00danico:<\/strong> Musisz si\u0119 zalogowa\u0107;<\/li>\n\n\n\n<li><strong>Numer telefonu Ministerstwa Rozwoju Spo\u0142ecznego: <\/strong>wybieraj\u0105c numer 121;<\/li>\n\n\n\n<li>Wizyta w jednostce <strong>CRAS<\/strong>.<\/li>\n<\/ul>\n\n\n\n<p class=\"wp-block-paragraph\">Rz\u0105d mo\u017ce powiadomi\u0107 u\u017cytkownik\u00f3w o konieczno\u015bci aktualizacji swoich danych, wysy\u0142aj\u0105c SMS-a na zarejestrowany numer telefonu kom\u00f3rkowego, za pomoc\u0105 wiadomo\u015bci w aplikacji lub w wyci\u0105gu bankowym.&nbsp;<\/p>\n\n\n\n<p class=\"wp-block-paragraph\">Zachowaj szczeg\u00f3ln\u0105 ostro\u017cno\u015b\u0107, aby Twoje dane by\u0142y zawsze aktualne i uniknij problem\u00f3w ze \u015bwiadczeniami z zabezpieczenia spo\u0142ecznego.<\/p>\n\n\n\n<h2 class=\"wp-block-heading\" id=\"atualizacao-do-cadastro-unico-e-necessario-para-receber-o-auxilio-brasil\"><strong>Aktualizacja Jednolitego Rejestru jest konieczna, aby skorzysta\u0107 z programu Brazil Aid.<\/strong><\/h2>\n\n\n\n<p class=\"wp-block-paragraph\">Zapoznaj si\u0119 z tymi wskaz\u00f3wkami rz\u0105du federalnego, aby zapewni\u0107 p\u0142ynn\u0105 aktualizacj\u0119 Jednolitego Rejestru (Cad\u00danico)! Upewnij si\u0119, \u017ce masz przygotowane wszystkie odpowiednie dokumenty:<\/p>\n\n\n\n<p class=\"wp-block-paragraph\">1. RG (brazylijski dow\u00f3d osobisty) lub CPF (brazylijski numer identyfikacyjny podatnika) ka\u017cdego cz\u0142onka rodziny;<\/p>\n\n\n\n<p class=\"wp-block-paragraph\">2. Akty urodzenia dzieci;<\/p>\n\n\n\n<p class=\"wp-block-paragraph\">3. Dow\u00f3d miejsca zamieszkania;<\/p>\n\n\n\n<p class=\"wp-block-paragraph\">4. Je\u015bli masz doch\u00f3d, poka\u017c im dow\u00f3d!<\/p>\n\n\n\n<p class=\"wp-block-paragraph\">Dowiedz si\u0119 wi\u0119cej o Gwarancji Upraw: <a href=\"https:\/\/noticias-gerais.online\/pl\/garantia-safra-o-que-e-e-quem-tem-direito\/\">Tutaj<\/a>Masz pytania dotycz\u0105ce programu Brazil Aid? Zostaw je w komentarzach poni\u017cej!<\/p>","protected":false},"excerpt":{"rendered":"<p>Se voc\u00ea recebe o Aux\u00edlio Brasil, \u00e9 super importante que o respons\u00e1vel pela fam\u00edlia d\u00ea aquela atualizada no Cadastro \u00danico.\u00a0 Sabe por qu\u00ea? Porque s\u00f3 assim os governos federal, estadual e municipal conseguem entender o que a galera da fam\u00edlia precisa e incluir todo mundo nas a\u00e7\u00f5es sociais.&nbsp; Quem quer continuar aproveitando os benef\u00edcios em [&hellip;]<\/p>\n","protected":false},"author":6,"featured_media":4274,"comment_status":"open","ping_status":"closed","sticky":false,"template":"","format":"standard","meta":{"footnotes":""},"categories":[27],"tags":[243,166,116],"class_list":["post-4273","post","type-post","status-publish","format-standard","has-post-thumbnail","category-beneficios-sociais","tag-auxilio-brasil-2","tag-beneficio-social","tag-bolsa-familia"],"_links":{"self":[{"href":"https:\/\/noticias-gerais.online\/pl\/wp-json\/wp\/v2\/posts\/4273","targetHints":{"allow":["GET"]}}],"collection":[{"href":"https:\/\/noticias-gerais.online\/pl\/wp-json\/wp\/v2\/posts"}],"about":[{"href":"https:\/\/noticias-gerais.online\/pl\/wp-json\/wp\/v2\/types\/post"}],"author":[{"embeddable":true,"href":"https:\/\/noticias-gerais.online\/pl\/wp-json\/wp\/v2\/users\/6"}],"replies":[{"embeddable":true,"href":"https:\/\/noticias-gerais.online\/pl\/wp-json\/wp\/v2\/comments?post=4273"}],"version-history":[{"count":0,"href":"https:\/\/noticias-gerais.online\/pl\/wp-json\/wp\/v2\/posts\/4273\/revisions"}],"wp:featuredmedia":[{"embeddable":true,"href":"https:\/\/noticias-gerais.online\/pl\/wp-json\/wp\/v2\/media\/4274"}],"wp:attachment":[{"href":"https:\/\/noticias-gerais.online\/pl\/wp-json\/wp\/v2\/media?parent=4273"}],"wp:term":[{"taxonomy":"category","embeddable":true,"href":"https:\/\/noticias-gerais.online\/pl\/wp-json\/wp\/v2\/categories?post=4273"},{"taxonomy":"post_tag","embeddable":true,"href":"https:\/\/noticias-gerais.online\/pl\/wp-json\/wp\/v2\/tags?post=4273"}],"curies":[{"name":"wp","href":"https:\/\/api.w.org\/{rel}","templated":true}]}}