{"id":4296,"date":"2024-01-13T12:04:15","date_gmt":"2024-01-13T15:04:15","guid":{"rendered":"https:\/\/noticias-gerais.online\/?p=4296"},"modified":"2024-01-13T12:04:17","modified_gmt":"2024-01-13T15:04:17","slug":"pronaf-como-solicitar","status":"publish","type":"post","link":"https:\/\/noticias-gerais.online\/pl\/pronaf-como-solicitar\/","title":{"rendered":"Pronaf: Jak aplikowa\u0107?"},"content":{"rendered":"<p class=\"wp-block-paragraph\">Znasz Pronaf? W ko\u0144cu rolnictwo rodzinne i agrobiznes to odr\u0119bne rzeczywisto\u015bci, ale oba s\u0105 kluczowe dla brazylijskiej gospodarki.\u00a0<\/p>\n\n\n\n<p class=\"wp-block-paragraph\">Podczas gdy agrobiznes generuje znaczne dochody, rolnicy rodzinni staj\u0105 w obliczu szczeg\u00f3lnych wyzwa\u0144, takich jak brak \u015brodk\u00f3w na inwestowanie w technologi\u0119 i pokonywanie przeszk\u00f3d klimatycznych.&nbsp;<\/p>\n\n\n\n<p class=\"wp-block-paragraph\">Tu w\u0142a\u015bnie pojawia si\u0119 Pronaf, akronim, kt\u00f3ry mo\u017ce mie\u0107 ogromne znaczenie dla tych rolnik\u00f3w. Czytaj dalej i b\u0105d\u017a na bie\u017c\u0105co z tematem, kt\u00f3ry ma bezpo\u015bredni wp\u0142yw na brazylijski krajobraz rolniczy!<\/p>\n\n\n\n<div class=\"wp-block-rank-math-toc-block\" id=\"rank-math-toc\"><h2><strong>Przeczytaj tak\u017ce:<\/strong><\/h2><nav><ul><li class=\"\"><a href=\"https:\/\/noticias-gerais.online\/pl\/aplicativo-fgts-veja-como-receber-pelo-app\/\">Aplikacja FGTS: Zobacz, jak odbiera\u0107 p\u0142atno\u015bci za po\u015brednictwem aplikacji<\/a><\/li><li class=\"\"><a href=\"https:\/\/noticias-gerais.online\/pl\/auxilio-brasil-como-atualizar-seus-dados\/\">Aid Brazil: Jak zaktualizowa\u0107 swoje dane w 2024 r.<\/a><\/li><li class=\"\"><a href=\"https:\/\/noticias-gerais.online\/pl\/garantia-safra-o-que-e-e-quem-tem-direito\/\">Gwarancja Safra: co to jest i komu przys\u0142uguje to \u015bwiadczenie<\/a><\/li><li class=\"\"><a href=\"https:\/\/noticias-gerais.online\/pl\/auxilio-inclusao-entenda-como-funciona\/\">Pomoc w integracji: Dowiedz si\u0119, jak to dzia\u0142a<\/a><\/li><\/ul><\/nav><\/div>\n\n\n\n<h2 class=\"wp-block-heading\" id=\"o-que-e-o-pronaf\"><strong>Czym jest Pronaf?<\/strong><\/h2>\n\n\n\n<figure class=\"wp-block-image size-full\"><img loading=\"lazy\" decoding=\"async\" width=\"700\" height=\"460\" src=\"http:\/\/noticias-gerais.online\/wp-content\/uploads\/2024\/01\/agricultura-familiar.jpeg\" alt=\"Pronaf\" class=\"wp-image-4297\" srcset=\"https:\/\/noticias-gerais.online\/wp-content\/uploads\/2024\/01\/agricultura-familiar.jpeg 700w, https:\/\/noticias-gerais.online\/wp-content\/uploads\/2024\/01\/agricultura-familiar-300x197.jpeg 300w, https:\/\/noticias-gerais.online\/wp-content\/uploads\/2024\/01\/agricultura-familiar-150x99.jpeg 150w, https:\/\/noticias-gerais.online\/wp-content\/uploads\/2024\/01\/agricultura-familiar-696x457.jpeg 696w\" sizes=\"auto, (max-width: 700px) 100vw, 700px\" \/><figcaption class=\"wp-element-caption\">Obrazy Google<\/figcaption><\/figure>\n\n\n\n<p class=\"wp-block-paragraph\">Czy s\u0142ysza\u0142e\u015b kiedy\u015b o Pronaf? Ten akronim oznacza Narodowy Program Wzmacniania Rolnictwa Rodzinnego, inicjatyw\u0119 oferuj\u0105c\u0105 wsparcie finansowe ma\u0142ym producentom rolnym.&nbsp;<\/p>\n\n\n\n<p class=\"wp-block-paragraph\">Jak sama nazwa wskazuje, g\u0142\u00f3wnym celem Pronaf jest wspieranie rodzinnych rolnik\u00f3w, kt\u00f3rzy uprawiaj\u0105 produkty na w\u0142asne potrzeby lub na potrzeby lokalnych rynk\u00f3w.<\/p>\n\n\n\n<p class=\"wp-block-paragraph\">Program ten jest ewolucj\u0105 innych, skromniejszych inicjatyw maj\u0105cych na celu stymulowanie rozwoju drobnych rolnik\u00f3w.&nbsp;<\/p>\n\n\n\n<p class=\"wp-block-paragraph\">Dzi\u0119ki Pronaf rolnicy rodzinni maj\u0105 mo\u017cliwo\u015b\u0107 nabycia sprz\u0119tu, kt\u00f3ry pozwoli im unowocze\u015bni\u0107 produkcj\u0119, sfinansowa\u0107 uprawy i wprowadzi\u0107 niezb\u0119dne usprawnienia w swojej dzia\u0142alno\u015bci.&nbsp;<\/p>\n\n\n\n<p class=\"wp-block-paragraph\">To spos\u00f3b na rozw\u00f3j i wzmocnienie rolnictwa rodzinnego w kraju.<\/p>\n\n\n\n<h2 class=\"wp-block-heading\" id=\"beneficio-para-a-agricultura-familiar\"><strong>Korzy\u015bci dla rolnictwa rodzinnego<\/strong><\/h2>\n\n\n\n<p class=\"wp-block-paragraph\">Ludzie zajmuj\u0105cy si\u0119 rolnictwem rodzinnym naprawd\u0119 ci\u0119\u017cko pracuj\u0105 na polu, wykorzystuj\u0105 w\u0142asn\u0105 si\u0142\u0119 robocz\u0105.&nbsp;<\/p>\n\n\n\n<p class=\"wp-block-paragraph\">Nie maj\u0105 zbyt wiele pieni\u0119dzy, \u017ceby zatrudni\u0107 pomocnik\u00f3w lub kupi\u0107 te wymy\u015blne maszyny rolnicze.<\/p>\n\n\n\n<p class=\"wp-block-paragraph\">Mimo trudno\u015bci, rodzinne rolnictwo jest kluczem do utrzymania niskich cen \u017cywno\u015bci i zapewnienia ludziom po\u017cywienia na stole.&nbsp;<\/p>\n\n\n\n<p class=\"wp-block-paragraph\">Uwa\u017ca si\u0119, \u017ce ma <strong>608 milion\u00f3w<\/strong> Wed\u0142ug ONZ ci bohaterowie produkuj\u0105 wi\u0119ksz\u0105 cz\u0119\u015b\u0107 \u017cywno\u015bci, kt\u00f3r\u0105 spo\u017cywamy ka\u017cdego dnia.<\/p>\n\n\n\n<p class=\"wp-block-paragraph\">Duzi rolnicy koncentruj\u0105 si\u0119 na eksporcie, generowaniu dochod\u00f3w i tworzeniu miejsc pracy. Ale sp\u00f3jrzcie, to nie umniejsza znaczenia rolnictwa rodzinnego, kt\u00f3re zyska\u0142o na znaczeniu w 1995 roku dzi\u0119ki Pronaf (Narodowemu Programowi Wzmacniania Rolnictwa Rodzinnego). Ci ludzie s\u0105 niezb\u0119dni!<\/p>\n\n\n\n<h2 class=\"wp-block-heading\" id=\"como-e-que-o-pronaf-funciona\"><strong>Jak dzia\u0142a Pronaf?<\/strong><\/h2>\n\n\n\n<p class=\"wp-block-paragraph\">Program ten opiera si\u0119 na wsp\u00f3\u0142pracy instytucji finansowych, takich jak: <strong>Sp\u00f3\u0142dzielnie Kredytowe Obszar\u00f3w Wiejskich, BNDES i Bank Amazon<\/strong>, kt\u00f3re udzielaj\u0105 kredyt\u00f3w producentom wiejskim.<\/p>\n\n\n\n<p class=\"wp-block-paragraph\">Instytucje te s\u0105 partnerami Rz\u0105du Federalnego, kt\u00f3ry wspiera \u015bwiadczenie us\u0142ug <a href=\"http:\/\/www.bndes.gov.br\/wps\/portal\/site\/home\/financiamento\/produto\/pronaf-microcredito-grupo-b\" target=\"_blank\" rel=\"noopener\">linie kredytowe<\/a> z korzystniejszymi warunkami.&nbsp;<\/p>\n\n\n\n<p class=\"wp-block-paragraph\">Obejmuje to ni\u017csze stopy procentowe i d\u0142u\u017csze okresy sp\u0142aty, w zale\u017cno\u015bci od rodzaju prowadzonej dzia\u0142alno\u015bci rolniczej.<\/p>\n\n\n\n<p class=\"wp-block-paragraph\">Dlatego te\u017c jest to korzystniejsza opcja finansowania tych operacji ni\u017c zaci\u0105ganie tradycyjnych kredyt\u00f3w.&nbsp;<\/p>\n\n\n\n<p class=\"wp-block-paragraph\">Ostatecznym celem Pronaf jest wspieranie rozwoju rolnictwa rodzinnego, co doprowadzi do dywersyfikacji produkcji \u017cywno\u015bci, stworzenia wi\u0119kszej liczby miejsc pracy, zwi\u0119kszenia dochod\u00f3w i poprawy jako\u015bci \u017cycia ludno\u015bci.<\/p>\n\n\n\n<h2 class=\"wp-block-heading\" id=\"quais-sao-as-regras-do-pronaf\"><strong>Jakie s\u0105 zasady Pronaf?<\/strong><\/h2>\n\n\n\n<figure class=\"wp-block-image size-full\"><img loading=\"lazy\" decoding=\"async\" width=\"750\" height=\"422\" src=\"http:\/\/noticias-gerais.online\/wp-content\/uploads\/2024\/01\/importancia-da-agricultura-familiar-750x422-1.jpg\" alt=\"Pronaf\" class=\"wp-image-4298\" srcset=\"https:\/\/noticias-gerais.online\/wp-content\/uploads\/2024\/01\/importancia-da-agricultura-familiar-750x422-1.jpg 750w, https:\/\/noticias-gerais.online\/wp-content\/uploads\/2024\/01\/importancia-da-agricultura-familiar-750x422-1-300x169.jpg 300w, https:\/\/noticias-gerais.online\/wp-content\/uploads\/2024\/01\/importancia-da-agricultura-familiar-750x422-1-150x84.jpg 150w, https:\/\/noticias-gerais.online\/wp-content\/uploads\/2024\/01\/importancia-da-agricultura-familiar-750x422-1-696x392.jpg 696w\" sizes=\"auto, (max-width: 750px) 100vw, 750px\" \/><figcaption class=\"wp-element-caption\">Obrazy Google<\/figcaption><\/figure>\n\n\n\n<p class=\"wp-block-paragraph\">Aby si\u0119 dosta\u0107, nale\u017cy spe\u0142ni\u0107 pewne wymagania, kt\u00f3re s\u0105 stale aktualizowane. Warto \u015bledzi\u0107 stron\u0119 internetow\u0105 Narodowego Banku Rozwoju Gospodarczego i Spo\u0142ecznego, poniewa\u017c sytuacja ulega zmianie.<\/p>\n\n\n\n<p class=\"wp-block-paragraph\">Tak wi\u0119c, ka\u017cda osoba chc\u0105ca wzi\u0105\u0107 udzia\u0142 w tym programie musi by\u0107 rolnikiem, rybakiem zajmuj\u0105cym si\u0119 rybo\u0142\u00f3wstwem, akwakultur\u0105 lub le\u015bnikiem.&nbsp;<\/p>\n\n\n\n<p class=\"wp-block-paragraph\">Ale nie chodzi tylko o gadanie, musisz te\u017c pokaza\u0107, co potrafisz, za pomoc\u0105 Deklaracji Uprawnie\u0144 Pronaf (DAP).&nbsp;<\/p>\n\n\n\n<p class=\"wp-block-paragraph\">Us\u0142uga ta jest przeznaczona dla firm \u015bwiadcz\u0105cych pomoc techniczn\u0105, kt\u00f3re posiadaj\u0105 autoryzacj\u0119 Krajowej Agencji Pomocy Technicznej i Rozwoju Obszar\u00f3w Wiejskich.&nbsp;<\/p>\n\n\n\n<p class=\"wp-block-paragraph\">Pe\u0142ni ona funkcj\u0119 dowodu to\u017csamo\u015bci przedsi\u0119biorstwa wiejskiego, gdy\u017c rejestruje wszystko: od szczeg\u00f3\u0142\u00f3w dotycz\u0105cych terytorium i produkcji, po dane osobowe rolnika i pieni\u0105dze, kt\u00f3re wp\u0142ywaj\u0105 do rodziny.<\/p>\n\n\n\n<h2 class=\"wp-block-heading\" id=\"condicoes-para-participar\"><strong>Warunki uczestnictwa<\/strong><\/h2>\n\n\n\n<p class=\"wp-block-paragraph\">Nale\u017cy podkre\u015bli\u0107, \u017ce DAP (Deklaracja Zdolno\u015bci do Narodowego Programu Wzmacniania Rolnictwa Rodzinnego) przechodzi obecnie proces wymiany, a jej miejsce zajmie CAF (Krajowy Rejestr Rolnictwa Rodzinnego).<\/p>\n\n\n\n<p class=\"wp-block-paragraph\">Aby zosta\u0107 uznanym za producenta wiejskiego, trzeba zatrudnia\u0107 maksymalnie dw\u00f3ch sta\u0142ych pracownik\u00f3w i korzysta\u0107 z pracy cz\u0142onk\u00f3w rodziny.&nbsp;<\/p>\n\n\n\n<p class=\"wp-block-paragraph\">Dotyczy to osadnik\u00f3w, w\u0142a\u015bcicieli, wsp\u00f3lnik\u00f3w, najemc\u00f3w i os\u00f3b nieb\u0119d\u0105cych lokatorami. Ponadto konieczne jest spe\u0142nienie innych warunk\u00f3w, takich jak:<\/p>\n\n\n\n<ul class=\"wp-block-list\">\n<li>Zapewni\u0107, aby co najmniej 50% rocznego dochodu brutto pochodzi\u0142o z dzia\u0142alno\u015bci rolniczej;<\/li>\n\n\n\n<li>Nie posiada\u0107 obszar\u00f3w wi\u0119kszych ni\u017c cztery modu\u0142y fiskalne;<\/li>\n\n\n\n<li>Zamieszkiwa\u0107 na terenie wiejskim lub w jego pobli\u017cu;<\/li>\n\n\n\n<li>Zarejestrowa\u0107 w roku poprzedzaj\u0105cym z\u0142o\u017cenie wniosku o DAP doch\u00f3d rodziny brutto wynosz\u0105cy maksymalnie 500 tys. R$ wed\u0142ug danych z pocz\u0105tku 2023 r. (bior\u0105c pod uwag\u0119 warto\u015b\u0107 produkcji brutto, przychody, doch\u00f3d ka\u017cdego cz\u0142onka rodziny itp.).<\/li>\n<\/ul>\n\n\n\n<p class=\"wp-block-paragraph\">Zobacz tak\u017ce jak uzyska\u0107 Kart\u0119 Obywatela: <a href=\"https:\/\/noticias-gerais.online\/pl\/cartao-cidadao-como-fazer\/\">Tutaj<\/a>Masz jakie\u015b pytania? Zostaw je w komentarzach poni\u017cej!<\/p>","protected":false},"excerpt":{"rendered":"<p>Conhece o Pronaf? Afinal, a agricultura familiar e o agroneg\u00f3cio s\u00e3o realidades distintas, mas cruciais para a economia do Brasil.\u00a0 Enquanto o agroneg\u00f3cio movimenta cifras expressivas, os agricultores familiares enfrentam desafios \u00fanicos, como falta de recursos para investir em tecnologia e superar obst\u00e1culos clim\u00e1ticos.&nbsp; \u00c9 a\u00ed que entra o Pronaf, uma sigla que pode fazer [&hellip;]<\/p>\n","protected":false},"author":6,"featured_media":4297,"comment_status":"open","ping_status":"closed","sticky":false,"template":"","format":"standard","meta":{"footnotes":""},"categories":[27],"tags":[785,166,784],"class_list":["post-4296","post","type-post","status-publish","format-standard","has-post-thumbnail","category-beneficios-sociais","tag-agricultura-familiar","tag-beneficio-social","tag-pronaf"],"_links":{"self":[{"href":"https:\/\/noticias-gerais.online\/pl\/wp-json\/wp\/v2\/posts\/4296","targetHints":{"allow":["GET"]}}],"collection":[{"href":"https:\/\/noticias-gerais.online\/pl\/wp-json\/wp\/v2\/posts"}],"about":[{"href":"https:\/\/noticias-gerais.online\/pl\/wp-json\/wp\/v2\/types\/post"}],"author":[{"embeddable":true,"href":"https:\/\/noticias-gerais.online\/pl\/wp-json\/wp\/v2\/users\/6"}],"replies":[{"embeddable":true,"href":"https:\/\/noticias-gerais.online\/pl\/wp-json\/wp\/v2\/comments?post=4296"}],"version-history":[{"count":0,"href":"https:\/\/noticias-gerais.online\/pl\/wp-json\/wp\/v2\/posts\/4296\/revisions"}],"wp:featuredmedia":[{"embeddable":true,"href":"https:\/\/noticias-gerais.online\/pl\/wp-json\/wp\/v2\/media\/4297"}],"wp:attachment":[{"href":"https:\/\/noticias-gerais.online\/pl\/wp-json\/wp\/v2\/media?parent=4296"}],"wp:term":[{"taxonomy":"category","embeddable":true,"href":"https:\/\/noticias-gerais.online\/pl\/wp-json\/wp\/v2\/categories?post=4296"},{"taxonomy":"post_tag","embeddable":true,"href":"https:\/\/noticias-gerais.online\/pl\/wp-json\/wp\/v2\/tags?post=4296"}],"curies":[{"name":"wp","href":"https:\/\/api.w.org\/{rel}","templated":true}]}}