{"id":4304,"date":"2024-01-14T16:34:15","date_gmt":"2024-01-14T19:34:15","guid":{"rendered":"https:\/\/noticias-gerais.online\/?p=4304"},"modified":"2024-01-31T12:20:29","modified_gmt":"2024-01-31T15:20:29","slug":"programa-brasil-carinhoso-como-se-beneficiar","status":"publish","type":"post","link":"https:\/\/noticias-gerais.online\/pl\/programa-brasil-carinhoso-como-se-beneficiar\/","title":{"rendered":"Program \u201eCaring Brazil\u201d: Jak mog\u0105 z niego skorzysta\u0107 rodziny z dzie\u0107mi?"},"content":{"rendered":"<p class=\"wp-block-paragraph\">\u201eBrasil Carinhoso\u201d to rz\u0105dowy projekt, kt\u00f3rego celem jest zapewnienie rodzinom wsparcia finansowego w pokryciu koszt\u00f3w edukacji wczesnoszkolnej.&nbsp;<\/p>\n\n\n\n<p class=\"wp-block-paragraph\">Chodzi o zapewnienie dzieciom wszechstronnej opieki, obejmuj\u0105cej r\u00f3wnie\u017c bezpiecze\u0144stwo \u017cywno\u015bciowe i \u017cywieniowe.<\/p>\n\n\n\n<p class=\"wp-block-paragraph\">Celem tego wszystkiego jest zapewnienie dzieciom mo\u017cliwo\u015bci kontynuowania nauki, bez konieczno\u015bci jej przerywania z powodu problem\u00f3w finansowych. Dowiedz si\u0119 wi\u0119cej poni\u017cej!<\/p>\n\n\n\n<div class=\"wp-block-rank-math-toc-block\" id=\"rank-math-toc\"><h2><strong>Przeczytaj tak\u017ce:<\/strong><\/h2><nav><ul><li class=\"\"><a href=\"https:\/\/noticias-gerais.online\/pl\/pronaf-como-solicitar\/\">Pronaf: Jak aplikowa\u0107?<\/a><\/li><li class=\"\"><a href=\"https:\/\/noticias-gerais.online\/pl\/fgts-veja-o-calendario-de-saque-2024\/\">FGTS: Zobacz harmonogram wyp\u0142at na rok 2024<\/a><\/li><li class=\"\"><a href=\"https:\/\/noticias-gerais.online\/pl\/cartao-cidadao-como-fazer\/\">Karta Obywatela: Jak j\u0105 uzyska\u0107?<\/a><\/li><li class=\"\"><a href=\"https:\/\/noticias-gerais.online\/pl\/calendario-bolsa-familia-2024\/\">Kalendarz Bolsa Fam\u00edlia 2024: Zobacz daty p\u0142atno\u015bci<\/a><\/li><\/ul><\/nav><\/div>\n\n\n\n<h2 class=\"wp-block-heading\" id=\"mais-detalhes-sobre-o-programa\"><strong>Wi\u0119cej szczeg\u00f3\u0142\u00f3w o programie<\/strong><\/h2>\n\n\n\n<figure class=\"wp-block-image size-full is-resized\"><img loading=\"lazy\" decoding=\"async\" width=\"400\" height=\"400\" src=\"http:\/\/noticias-gerais.online\/wp-content\/uploads\/2024\/01\/brasil-carinhoso.webp\" alt=\"\" class=\"wp-image-4324\" style=\"width:411px;height:auto\" srcset=\"https:\/\/noticias-gerais.online\/wp-content\/uploads\/2024\/01\/brasil-carinhoso.webp 400w, https:\/\/noticias-gerais.online\/wp-content\/uploads\/2024\/01\/brasil-carinhoso-300x300.webp 300w, https:\/\/noticias-gerais.online\/wp-content\/uploads\/2024\/01\/brasil-carinhoso-150x150.webp 150w\" sizes=\"auto, (max-width: 400px) 100vw, 400px\" \/><figcaption class=\"wp-element-caption\">Obrazy Google<\/figcaption><\/figure>\n\n\n\n<p class=\"wp-block-paragraph\">Chcesz lepiej zrozumie\u0107, jak dzia\u0142a program \u201eBrasil Carinhoso\u201d? Porozmawiajmy o kryteriach kwalifikowalno\u015bci do tego niesamowitego programu.&nbsp;<\/p>\n\n\n\n<p class=\"wp-block-paragraph\">Aby wzi\u0105\u0107 udzia\u0142 w programie, rodziny musz\u0105 by\u0107 beneficjentami programu Bolsa Fam\u00edlia i mie\u0107 dzieci w wieku od 0 do 4 lat zapisane do publicznych lub rz\u0105dowych o\u015brodk\u00f3w opieki dziennej.&nbsp;<\/p>\n\n\n\n<p class=\"wp-block-paragraph\">To jest klucz do korzystania ze wszystkich korzy\u015bci oferowanych przez Brasil Carinhoso.&nbsp;<\/p>\n\n\n\n<p class=\"wp-block-paragraph\">Do\u0142\u0105cz do nas i dowiedz si\u0119 wi\u0119cej o inicjatywie, kt\u00f3ra zmienia \u017cycie brazylijskich rodzin!<\/p>\n\n\n\n<h2 class=\"wp-block-heading\" id=\"como-funciona-o-acesso-ao-programa-brasil-carinhoso\"><strong>Jak dzia\u0142a dost\u0119p do programu Brasil Carinhoso?&nbsp;<\/strong><\/h2>\n\n\n\n<p class=\"wp-block-paragraph\">Program \u201eBrasil Carinhoso\u201d dzia\u0142a w spos\u00f3b prosty i skuteczny, gwarantuj\u0105c automatyczne przekazywanie \u015brodk\u00f3w finansowych gminom i Okr\u0119gowi Federalnemu, bez konieczno\u015bci zawierania skomplikowanych um\u00f3w.&nbsp;<\/p>\n\n\n\n<p class=\"wp-block-paragraph\">Przyznana kwota zostaje podzielona na dwie raty p\u0142atno\u015bci.<\/p>\n\n\n\n<p class=\"wp-block-paragraph\">Ca\u0142kowit\u0105 kwot\u0119 oblicza si\u0119 na podstawie 50%, czyli minimalnej rocznej warto\u015bci za ka\u017cdy zapis do publicznego o\u015brodka opieki dziennej, niezale\u017cnie od tego, czy jest on powi\u0105zany z rz\u0105dem federalnym w pe\u0142nym czy niepe\u0142nym wymiarze godzin.&nbsp;<\/p>\n\n\n\n<p class=\"wp-block-paragraph\">Fundeb (Fundusz na rzecz utrzymania i rozwoju edukacji podstawowej oraz doskonalenia zawodowego pracownik\u00f3w o\u015bwiaty) odgrywa kluczow\u0105 rol\u0119, okre\u015blaj\u0105c kwot\u0119 przed dokonaniem przelewu.&nbsp;<\/p>\n\n\n\n<p class=\"wp-block-paragraph\">Definicja ta jest mo\u017cliwa dzi\u0119ki dok\u0142adnej kontroli, jak\u0105 instytucja sprawuje nad danymi edukacyjnymi i uczniami ucz\u0119szczaj\u0105cymi do szk\u00f3\u0142 publicznych, kt\u00f3rzy poszukuj\u0105 lub potrzebuj\u0105 jakiego\u015b rodzaju wsparcia edukacyjnego.<\/p>\n\n\n\n<h2 class=\"wp-block-heading\" id=\"areas-responsaveis-pelo-programa\"><strong>Obszary odpowiedzialne za program<\/strong><\/h2>\n\n\n\n<p class=\"wp-block-paragraph\">W zakresie zarz\u0105dzania programami kluczow\u0105 rol\u0119 odgrywa Ministerstwo Rozwoju Spo\u0142ecznego.&nbsp;<\/p>\n\n\n\n<p class=\"wp-block-paragraph\">Nie tylko definiuje polityk\u0119 publiczn\u0105, ale tak\u017ce ustala kryteria i wytyczne, kt\u00f3rymi kieruje si\u0119 ca\u0142y program.<\/p>\n\n\n\n<p class=\"wp-block-paragraph\">INEP\/MEC odpowiada za konsolidacj\u0119 danych zebranych w spisie szkolnym. Informacje te s\u0105 niezb\u0119dne do obliczenia kwot, kt\u00f3re maj\u0105 zosta\u0107 przekazane podmiotom zrzeszonym, przyczyniaj\u0105c si\u0119 tym samym do efektywniejszego zarz\u0105dzania.<\/p>\n\n\n\n<p class=\"wp-block-paragraph\">FNDE\/MEC odpowiada za wdra\u017canie polityki publicznej poprzez transfer \u015brodk\u00f3w w ramach programu.&nbsp;<\/p>\n\n\n\n<p class=\"wp-block-paragraph\">Ponadto agencja bierze na siebie odpowiedzialno\u015b\u0107 za rozliczalno\u015b\u0107 os\u00f3b zaanga\u017cowanych, zapewniaj\u0105c przejrzysto\u015b\u0107 i efektywno\u015b\u0107 wykorzystania zasob\u00f3w.<\/p>\n\n\n\n<h2 class=\"wp-block-heading\" id=\"como-fazer-o-calculo-de-recebimento-do-programa\"><strong>Jak obliczy\u0107 wyp\u0142at\u0119 programu?<\/strong><\/h2>\n\n\n\n<figure class=\"wp-block-image size-full\"><img loading=\"lazy\" decoding=\"async\" width=\"600\" height=\"399\" src=\"http:\/\/noticias-gerais.online\/wp-content\/uploads\/2024\/01\/programa-brasil-carinhoso.png\" alt=\"\" class=\"wp-image-4306\" srcset=\"https:\/\/noticias-gerais.online\/wp-content\/uploads\/2024\/01\/programa-brasil-carinhoso.png 600w, https:\/\/noticias-gerais.online\/wp-content\/uploads\/2024\/01\/programa-brasil-carinhoso-300x200.png 300w, https:\/\/noticias-gerais.online\/wp-content\/uploads\/2024\/01\/programa-brasil-carinhoso-150x100.png 150w\" sizes=\"auto, (max-width: 600px) 100vw, 600px\" \/><figcaption class=\"wp-element-caption\">Obrazy Google<\/figcaption><\/figure>\n\n\n\n<p class=\"wp-block-paragraph\">\u015awiadczenia w ramach programu \u201eBrasil Carinhoso\u201d s\u0105 obliczane na podstawie miesi\u0119cznego dochodu ka\u017cdej rodziny.&nbsp;<\/p>\n\n\n\n<p class=\"wp-block-paragraph\">Cho\u0107 kwota ta r\u00f3\u017cni si\u0119 w zale\u017cno\u015bci od sytuacji ka\u017cdego gospodarstwa domowego, program ustala warto\u015b\u0107 bazow\u0105 R$ 32. Ta konkretna kwota jest ustalana po przeanalizowaniu cech rodziny.<\/p>\n\n\n\n<p class=\"wp-block-paragraph\">Po zatwierdzeniu kwota <a href=\"https:\/\/www.gov.br\/fnde\/pt-br\/acesso-a-informacao\/acoes-e-programas\/programas\/brasil-carinhoso\" target=\"_blank\" rel=\"noopener\">Troskliwa Brazylia<\/a> Kwota ta jest dodawana do kwoty otrzymanej z Bolsa Fam\u00edlia, dzi\u0119ki czemu beneficjenci mog\u0105 otrzyma\u0107 obie p\u0142atno\u015bci tego samego dnia.&nbsp;<\/p>\n\n\n\n<p class=\"wp-block-paragraph\">Aby zobaczy\u0107 szczeg\u00f3\u0142owe kwoty dla ka\u017cdego programu, wystarczy sprawdzi\u0107 odpowiednie zestawienie. Celem tej inicjatywy jest zapewnienie bardziej wszechstronnego wsparcia finansowego brazylijskim rodzinom.<\/p>\n\n\n\n<h2 class=\"wp-block-heading\" id=\"como-efetuar-o-cadastro\"><strong>Jak si\u0119 zarejestrowa\u0107?<\/strong><\/h2>\n\n\n\n<p class=\"wp-block-paragraph\">Aby pom\u00f3c Ci lepiej zrozumie\u0107 proces rejestracji w Jednolitym Rejestrze (Cad\u00danico), przygotowali\u015bmy praktyczny przewodnik z niezb\u0119dnymi dokumentami. Zaczynajmy!<\/p>\n\n\n\n<p class=\"wp-block-paragraph\">Aby rozpocz\u0105\u0107 proces rejestracji, g\u0142owa rodziny, najlepiej kobieta, musi mie\u0107 co najmniej 16 lat, by\u0107 cz\u0142onkiem rodziny i mieszka\u0107 z ni\u0105 w tym samym domu.&nbsp;<\/p>\n\n\n\n<p class=\"wp-block-paragraph\">Wa\u017cne jest, aby mie\u0107 przy sobie CPF (Brazylijski Indywidualny Rejestr Podatnik\u00f3w) lub Kart\u0119 Rejestracji Wyborc\u00f3w, kt\u00f3re nale\u017cy okaza\u0107 w trakcie procesu.<\/p>\n\n\n\n<p class=\"wp-block-paragraph\">W przypadku pozosta\u0142ych cz\u0142onk\u00f3w rodziny konieczne jest posiadanie co najmniej jednego z nast\u0119puj\u0105cych dokument\u00f3w:<\/p>\n\n\n\n<p class=\"wp-block-paragraph\">1. Akt urodzenia;<\/p>\n\n\n\n<p class=\"wp-block-paragraph\">2. Dow\u00f3d osobisty (RG);<\/p>\n\n\n\n<p class=\"wp-block-paragraph\">3. CPF;<\/p>\n\n\n\n<p class=\"wp-block-paragraph\">4. Akt ma\u0142\u017ce\u0144stwa;<\/p>\n\n\n\n<p class=\"wp-block-paragraph\">5. Zezwolenie na zatrudnienie;<\/p>\n\n\n\n<p class=\"wp-block-paragraph\">6. Karta rejestracji wyborcy;<\/p>\n\n\n\n<p class=\"wp-block-paragraph\">7. Rdzenny administracyjny akt urodzenia - RANI (wy\u0142\u0105cznie dla rodzin rdzennych).<\/p>\n\n\n\n<p class=\"wp-block-paragraph\">Mimo \u017ce dow\u00f3d adresu nie jest obowi\u0105zkowy, zaleca si\u0119 jego zabranie w celu u\u0142atwienia rejestracji adresu.<\/p>\n\n\n\n<p class=\"wp-block-paragraph\">Mamy nadziej\u0119, \u017ce te informacje u\u0142atwi\u0105 proces rejestracji w Cad\u00danico. Zach\u0119camy do dzielenia si\u0119 nimi z ka\u017cdym, kto potrzebuje wskaz\u00f3wek. Do nast\u0119pnego razu!<\/p>\n\n\n\n<p class=\"wp-block-paragraph\">Zobacz tak\u017ce jak dzia\u0142a Pronaf: <a href=\"https:\/\/noticias-gerais.online\/pl\/pronaf-como-solicitar\/\">Tutaj<\/a>Masz jakie\u015b pytania? Zostaw je w komentarzach poni\u017cej!<\/p>","protected":false},"excerpt":{"rendered":"<p>O Brasil Carinhoso \u00e9 um projeto do governo que visa dar uma m\u00e3ozinha financeira para as fam\u00edlias lidarem com os gastos da educa\u00e7\u00e3o infantil.&nbsp; A ideia \u00e9 garantir um cuidado completo para as crian\u00e7as, incluindo seguran\u00e7a alimentar e nutricional. A inten\u00e7\u00e3o por tr\u00e1s disso tudo \u00e9 fazer com que os pequenos continuem na escola, sem [&hellip;]<\/p>\n","protected":false},"author":6,"featured_media":4324,"comment_status":"open","ping_status":"closed","sticky":false,"template":"","format":"standard","meta":{"footnotes":""},"categories":[27],"tags":[166,786],"class_list":["post-4304","post","type-post","status-publish","format-standard","has-post-thumbnail","category-beneficios-sociais","tag-beneficio-social","tag-brasil-carinhoso"],"_links":{"self":[{"href":"https:\/\/noticias-gerais.online\/pl\/wp-json\/wp\/v2\/posts\/4304","targetHints":{"allow":["GET"]}}],"collection":[{"href":"https:\/\/noticias-gerais.online\/pl\/wp-json\/wp\/v2\/posts"}],"about":[{"href":"https:\/\/noticias-gerais.online\/pl\/wp-json\/wp\/v2\/types\/post"}],"author":[{"embeddable":true,"href":"https:\/\/noticias-gerais.online\/pl\/wp-json\/wp\/v2\/users\/6"}],"replies":[{"embeddable":true,"href":"https:\/\/noticias-gerais.online\/pl\/wp-json\/wp\/v2\/comments?post=4304"}],"version-history":[{"count":0,"href":"https:\/\/noticias-gerais.online\/pl\/wp-json\/wp\/v2\/posts\/4304\/revisions"}],"wp:featuredmedia":[{"embeddable":true,"href":"https:\/\/noticias-gerais.online\/pl\/wp-json\/wp\/v2\/media\/4324"}],"wp:attachment":[{"href":"https:\/\/noticias-gerais.online\/pl\/wp-json\/wp\/v2\/media?parent=4304"}],"wp:term":[{"taxonomy":"category","embeddable":true,"href":"https:\/\/noticias-gerais.online\/pl\/wp-json\/wp\/v2\/categories?post=4304"},{"taxonomy":"post_tag","embeddable":true,"href":"https:\/\/noticias-gerais.online\/pl\/wp-json\/wp\/v2\/tags?post=4304"}],"curies":[{"name":"wp","href":"https:\/\/api.w.org\/{rel}","templated":true}]}}