{"id":2921,"date":"2023-08-08T12:30:00","date_gmt":"2023-08-08T15:30:00","guid":{"rendered":"https:\/\/noticias-gerais.online\/?p=2921"},"modified":"2023-08-08T12:37:36","modified_gmt":"2023-08-08T15:37:36","slug":"minha-casa-minha-vida-veja-as-novas-regras","status":"publish","type":"post","link":"https:\/\/noticias-gerais.online\/ro\/minha-casa-minha-vida-veja-as-novas-regras\/","title":{"rendered":"Casa Mea, Via\u021ba Mea: Vezi noile reguli pentru \u00eenregistrare \u00een 2023."},"content":{"rendered":"<p class=\"wp-block-paragraph\">Ce-ar fi s\u0103 \u00eenv\u0103\u021b\u0103m despre schimb\u0103rile aduse <strong>Casa mea, via\u021ba mea<\/strong>La mijlocul anului 2023, a ap\u0103rut o propunere de reformulare a programului de locuin\u021be, conceput pentru a ajuta familiile cu venituri mici s\u0103 ob\u021bin\u0103 finan\u021bare pentru locuin\u021bele lor.<\/p>\n\n\n\n<p class=\"wp-block-paragraph\">Mai t\u00e2rziu, \u00een iulie, pre\u0219edintele Luiz In\u00e1cio Lula da Silva a semnat legea care reinstaura programul, care fusese deja implementat \u00een guvernele anterioare, f\u0103c\u00e2nd aceste schimb\u0103ri permanente.<\/p>\n\n\n\n<p class=\"wp-block-paragraph\">Programul Minha Casa Minha Vida const\u0103 \u00een a <a href=\"https:\/\/noticias-gerais.online\/ro\/bolsa-familia-confira-o-calendario-de-agosto\/\">ini\u021biativ\u0103 guvernamental\u0103<\/a> viz\u00e2nd asigurarea de locuin\u021be la pre\u021buri accesibile at\u00e2t \u00een zonele urbane, c\u00e2t \u0219i \u00een cele rurale.<\/p>\n\n\n\n<p class=\"wp-block-paragraph\">Dac\u0103 dori\u021bi s\u0103 afla\u021bi mai multe despre cum func\u021bioneaz\u0103 programul, noile directive implementate \u00een 2023 \u0219i cum s\u0103 v\u0103 \u00eenregistra\u021bi, v\u0103 rug\u0103m s\u0103 continua\u021bi s\u0103 citi\u021bi acest articol.<\/p>\n\n\n\n<h2 class=\"wp-block-heading\"><strong>Vede\u021bi noile reguli ale programului de locuin\u021be.<\/strong><\/h2>\n\n\n\n<figure class=\"wp-block-image size-large\"><img loading=\"lazy\" decoding=\"async\" width=\"1024\" height=\"576\" src=\"http:\/\/noticias-gerais.online\/wp-content\/uploads\/2023\/08\/minha-casa-minha-vida1-1024x576.jpg\" alt=\"Minha Casa Minha Vida\" class=\"wp-image-2922\" srcset=\"https:\/\/noticias-gerais.online\/wp-content\/uploads\/2023\/08\/minha-casa-minha-vida1-1024x576.jpg 1024w, https:\/\/noticias-gerais.online\/wp-content\/uploads\/2023\/08\/minha-casa-minha-vida1-300x169.jpg 300w, https:\/\/noticias-gerais.online\/wp-content\/uploads\/2023\/08\/minha-casa-minha-vida1-768x432.jpg 768w, https:\/\/noticias-gerais.online\/wp-content\/uploads\/2023\/08\/minha-casa-minha-vida1-150x84.jpg 150w, https:\/\/noticias-gerais.online\/wp-content\/uploads\/2023\/08\/minha-casa-minha-vida1-696x392.jpg 696w, https:\/\/noticias-gerais.online\/wp-content\/uploads\/2023\/08\/minha-casa-minha-vida1-1068x601.jpg 1068w, https:\/\/noticias-gerais.online\/wp-content\/uploads\/2023\/08\/minha-casa-minha-vida1.jpg 1280w\" sizes=\"auto, (max-width: 1024px) 100vw, 1024px\" \/><figcaption class=\"wp-element-caption\">Imagini Yandex<\/figcaption><\/figure>\n\n\n\n<p class=\"wp-block-paragraph\">Cine are dreptul: la restituirea beneficiilor pentru familiile din Banda 1, care \u00eei include pe cei cu <strong>venituri mici<\/strong>, \u0219i extinderea limitelor de venit permise pentru celelalte tran\u0219e (m\u0103rirea plafonului pentru venitul familial brut).<\/p>\n\n\n\n<ul class=\"wp-block-list\">\n<li>Extinderea includerii asisten\u021bei pentru locuin\u021be \u00een cadrul locuin\u021belor sociale de \u00eenchiriat;<\/li>\n\n\n\n<li>Posibilitatea de a achizi\u021biona locuin\u021be urbane second-hand;<\/li>\n\n\n\n<li>Includerea familiilor vulnerabile \u00een politicile de locuin\u021be;<\/li>\n\n\n\n<li>Cre\u0219terea valorii maxime a propriet\u0103\u021bilor eligibile;<\/li>\n\n\n\n<li>Sprijin financiar subven\u021bionat sporit;<\/li>\n\n\n\n<li>Reducerea ratelor dob\u00e2nzilor;<\/li>\n\n\n\n<li>Cre\u0219terea suprafe\u021bei minime a unit\u0103\u021bilor locative;<\/li>\n\n\n\n<li>Sf\u00e2r\u0219itul monopolului de\u021binut de Caixa Econ\u00f4mica Federal ca unic\u0103 institu\u021bie financiar\u0103 care opereaz\u0103 programul;<\/li>\n\n\n\n<li>\u00cembun\u0103t\u0103\u021birea amplas\u0103rii parcelelor de teren, prioritiz\u00e2nd integrarea cu structura urban\u0103 \u0219i accesul la infrastructur\u0103.<\/li>\n<\/ul>\n\n\n\n<h2 class=\"wp-block-heading\"><strong>Cine este eligibil pentru programul \u201eMinha Casa Minha Vida\u201d?<\/strong><\/h2>\n\n\n\n<h3 class=\"wp-block-heading\"><strong>Pista 1<\/strong><\/h3>\n\n\n\n<p class=\"wp-block-paragraph\">Modific\u0103rile recente aduse programului brazilian de locuin\u021be l\u0103rgesc criteriile pentru Categoria 1 (urban\u0103) pentru a include familiile cu un venit lunar total de p\u00e2n\u0103 la 2.640 R$ (anterior p\u00e2n\u0103 la 1.800 R$), ceea ce corespunde dublului valorii actuale a salariului minim.<\/p>\n\n\n\n<p class=\"wp-block-paragraph\">Pentru familiile care locuiesc \u00een zone rurale, Categoria 1 include familiile cu un venit anual brut de p\u00e2n\u0103 la 31.680 R$.<\/p>\n\n\n\n<h3 class=\"wp-block-heading\"><strong>Pista 2<\/strong><\/h3>\n\n\n\n<p class=\"wp-block-paragraph\">Categoria 2 (urban\u0103) include familii cu un venit lunar total \u00eentre <strong>R$ 2.640,01 \u0219i R$ 4.400<\/strong>.<\/p>\n\n\n\n<p class=\"wp-block-paragraph\">Pentru zonele rurale, Categoria 2 acoper\u0103 familiile cu un venit anual brut \u00eentre <strong>R$ 52.800,01 \u0219i R$ 96.000<\/strong>.<\/p>\n\n\n\n<h3 class=\"wp-block-heading\"><strong>Pista 3<\/strong><\/h3>\n\n\n\n<p class=\"wp-block-paragraph\">Categoria 3 (urban\u0103) include familii cu un venit lunar total \u00eentre <strong>R$ 4.400,01 \u0219i R$ 8.000.<\/strong><\/p>\n\n\n\n<p class=\"wp-block-paragraph\">\u00cen ceea ce prive\u0219te familiile care locuiesc \u00een zone rurale, Banda 3 stabile\u0219te o limit\u0103 pentru venitul anual brut, cuprins\u0103 \u00eentre <strong>R$ 52.800,01 \u0219i R$ 96.000.<\/strong><\/p>\n\n\n\n<h2 class=\"wp-block-heading\"><strong>Valorile propriet\u0103\u021bilor \u00een 2023<\/strong><\/h2>\n\n\n\n<figure class=\"wp-block-image size-full\"><img loading=\"lazy\" decoding=\"async\" width=\"1024\" height=\"576\" src=\"http:\/\/noticias-gerais.online\/wp-content\/uploads\/2023\/08\/Minha-Casa-Minha-Vida-2019-casa-1024x576-1.jpg\" alt=\"Minha Casa Minha Vida\" class=\"wp-image-2923\" srcset=\"https:\/\/noticias-gerais.online\/wp-content\/uploads\/2023\/08\/Minha-Casa-Minha-Vida-2019-casa-1024x576-1.jpg 1024w, https:\/\/noticias-gerais.online\/wp-content\/uploads\/2023\/08\/Minha-Casa-Minha-Vida-2019-casa-1024x576-1-300x169.jpg 300w, https:\/\/noticias-gerais.online\/wp-content\/uploads\/2023\/08\/Minha-Casa-Minha-Vida-2019-casa-1024x576-1-768x432.jpg 768w, https:\/\/noticias-gerais.online\/wp-content\/uploads\/2023\/08\/Minha-Casa-Minha-Vida-2019-casa-1024x576-1-150x84.jpg 150w, https:\/\/noticias-gerais.online\/wp-content\/uploads\/2023\/08\/Minha-Casa-Minha-Vida-2019-casa-1024x576-1-696x392.jpg 696w\" sizes=\"auto, (max-width: 1024px) 100vw, 1024px\" \/><figcaption class=\"wp-element-caption\">Imagini Yandex<\/figcaption><\/figure>\n\n\n\n<p class=\"wp-block-paragraph\">Programul de locuin\u021be \u201cMinha Casa Minha Vida\u201d a adus recent modific\u0103ri semnificative, inclusiv o actualizare a limitelor de valoare ale propriet\u0103\u021bilor care pot fi finan\u021bate.&nbsp;<\/p>\n\n\n\n<p class=\"wp-block-paragraph\">Aceste schimb\u0103ri au fost implementate at\u00e2t \u00een zonele urbane, c\u00e2t \u0219i \u00een cele rurale.<\/p>\n\n\n\n<p class=\"wp-block-paragraph\">\u00cen ceea ce prive\u0219te zonele urbane, op\u021biunile de finan\u021bare sunt urm\u0103toarele:<\/p>\n\n\n\n<ul class=\"wp-block-list\">\n<li>1. <strong>Pista 1<\/strong> (Propriet\u0103\u021bi cu subven\u021bii): Acum, limita de valoare este... <strong>R$ 170 mii<\/strong>.<\/li>\n\n\n\n<li>2. <strong>Pista 1 <\/strong>\u0219i 2 (propriet\u0103\u021bi finan\u021bate): Noul plafon pentru valori este <strong>R$ 264 mii<\/strong>.<\/li>\n\n\n\n<li>3. <strong>Pista 3<\/strong> (propriet\u0103\u021bi finan\u021bate): Limita a fost extins\u0103 p\u00e2n\u0103 la <strong>R$ 350 de mii.<\/strong><\/li>\n<\/ul>\n\n\n\n<p class=\"wp-block-paragraph\">Pentru zonele rurale, noile directive sunt urm\u0103toarele:<\/p>\n\n\n\n<p class=\"wp-block-paragraph\">1. Pentru propriet\u0103\u021bi noi, este acum posibil\u0103 ob\u021binerea unei finan\u021b\u0103ri de p\u00e2n\u0103 la 75.000 R$, o cre\u0219tere fa\u021b\u0103 de suma anterioar\u0103 de 55.000 R$.<\/p>\n\n\n\n<p class=\"wp-block-paragraph\">2. \u00cen cazul renov\u0103rilor locuin\u021bei, noua limit\u0103 de finan\u021bare este de 40.000 R$, anterior fiind de 23.000 R$.<\/p>\n\n\n\n<p class=\"wp-block-paragraph\">Aceste modific\u0103ri \u00ee\u0219i propun s\u0103 fac\u0103 programul mai accesibil \u0219i mai cuprinz\u0103tor, \u00een beneficiul unui num\u0103r mai mare de persoane care doresc s\u0103 de\u021bin\u0103 o locuin\u021b\u0103, at\u00e2t \u00een zonele urbane, c\u00e2t \u0219i \u00een cele rurale.<\/p>\n\n\n\n<h2 class=\"wp-block-heading\"><strong>Dimensiunile propriet\u0103\u021bilor<\/strong><\/h2>\n\n\n\n<p class=\"wp-block-paragraph\">THE <a href=\"https:\/\/www.caixa.gov.br\/voce\/habitacao\/minha-casa-minha-vida\/Paginas\/default.aspx\" target=\"_blank\" rel=\"noopener\">program de locuin\u021be <\/a>\u201cMinha Casa Minha Vida\u201d a implementat recent noi reguli care includ modific\u0103ri ale dimensiunii propriet\u0103\u021bilor eligibile pentru program.<\/p>\n\n\n\n<p class=\"wp-block-paragraph\">Locuin\u021bele au acum o suprafa\u021b\u0103 minim\u0103 de 40 m\u00b2 pentru case \u0219i 41,5 m\u00b2 pentru apartamente.<\/p>\n\n\n\n<p class=\"wp-block-paragraph\">\u00cen plus, toate unit\u0103\u021bile includ un balcon, iar complexele reziden\u021biale trebuie s\u0103 fie dotate cu o sal\u0103 dedicat\u0103 bibliotecii \u0219i facilit\u0103\u021bi pentru activit\u0103\u021bi sportive.<\/p>\n\n\n\n<p class=\"wp-block-paragraph\">\u00cen plus, terenul desemnat pentru program trebuie s\u0103 fie situat \u00een zone urbane, cu acces la infrastructur\u0103 \u0219i \u00een apropierea \u0219colilor, centrelor medicale \u0219i transportului public, printre alte servicii esen\u021biale.<\/p>","protected":false},"excerpt":{"rendered":"<p>Descubra as novas regras do Minha Casa Minha Vida 2023 neste imperd\u00edvel artigo! Prepare-se para uma revolu\u00e7\u00e3o habitacional. Leia agora!<\/p>","protected":false},"author":6,"featured_media":2922,"comment_status":"open","ping_status":"closed","sticky":false,"template":"","format":"standard","meta":{"footnotes":""},"categories":[27],"tags":[123,518,517],"class_list":["post-2921","post","type-post","status-publish","format-standard","has-post-thumbnail","category-beneficios-sociais","tag-minha-casa-minha-vida","tag-programa-habitacional","tag-regras-minha-casa-minha-vida"],"_links":{"self":[{"href":"https:\/\/noticias-gerais.online\/ro\/wp-json\/wp\/v2\/posts\/2921","targetHints":{"allow":["GET"]}}],"collection":[{"href":"https:\/\/noticias-gerais.online\/ro\/wp-json\/wp\/v2\/posts"}],"about":[{"href":"https:\/\/noticias-gerais.online\/ro\/wp-json\/wp\/v2\/types\/post"}],"author":[{"embeddable":true,"href":"https:\/\/noticias-gerais.online\/ro\/wp-json\/wp\/v2\/users\/6"}],"replies":[{"embeddable":true,"href":"https:\/\/noticias-gerais.online\/ro\/wp-json\/wp\/v2\/comments?post=2921"}],"version-history":[{"count":0,"href":"https:\/\/noticias-gerais.online\/ro\/wp-json\/wp\/v2\/posts\/2921\/revisions"}],"wp:featuredmedia":[{"embeddable":true,"href":"https:\/\/noticias-gerais.online\/ro\/wp-json\/wp\/v2\/media\/2922"}],"wp:attachment":[{"href":"https:\/\/noticias-gerais.online\/ro\/wp-json\/wp\/v2\/media?parent=2921"}],"wp:term":[{"taxonomy":"category","embeddable":true,"href":"https:\/\/noticias-gerais.online\/ro\/wp-json\/wp\/v2\/categories?post=2921"},{"taxonomy":"post_tag","embeddable":true,"href":"https:\/\/noticias-gerais.online\/ro\/wp-json\/wp\/v2\/tags?post=2921"}],"curies":[{"name":"wp","href":"https:\/\/api.w.org\/{rel}","templated":true}]}}